{"id":911,"date":"2018-09-10T11:08:20","date_gmt":"2018-09-10T10:08:20","guid":{"rendered":"http:\/\/www.canlluc.com\/blog\/?p=911"},"modified":"2018-09-10T11:52:12","modified_gmt":"2018-09-10T10:52:12","slug":"el-atardecer-ibicenco-mas-exclusivo-en-el-centro-de-la-isla","status":"publish","type":"post","link":"https:\/\/www.canlluc.com\/blog\/el-atardecer-ibicenco-mas-exclusivo-en-el-centro-de-la-isla\/","title":{"rendered":"El atardecer ibicenco m\u00e1s exclusivo en el centro de la isla"},"content":{"rendered":"<ul>\n<li>\n<h6><strong>El agroturismo ibicenco Can Lluc cuenta con instalaciones exclusivas para vivir unas impresionantes puestas de sol.<\/strong><\/h6>\n<\/li>\n<li>\n<h6><strong>Rodeado de naturaleza mediterr\u00e1nea, este reconocido hotel con encanto es una opci\u00f3n perfecta para tomar un c\u00f3ctel al caer la tarde<\/strong><\/h6>\n<\/li>\n<\/ul>\n<p><strong>\u00a0<\/strong><\/p>\n<figure id=\"attachment_916\" aria-describedby=\"caption-attachment-916\" style=\"width: 1268px\" class=\"wp-caption aligncenter\"><img decoding=\"async\" loading=\"lazy\" class=\" wp-image-916\" src=\"https:\/\/www.canlluc.com\/blog\/wp-content\/uploads\/2018\/09\/can-lluc_170619__sgc6599_35576815975_o.jpg\" alt=\"Atardeceres Can Lluc \" width=\"1278\" height=\"852\" \/><figcaption id=\"caption-attachment-916\" class=\"wp-caption-text\">Agroturismo Can Lluc<\/figcaption><\/figure>\n<h6><strong><em>Ibiza, 17\u00a0 de agosto de 2018.-<\/em><\/strong> Ubicado en un entorno id\u00edlico con filtro 100% mediterr\u00e1neo, existe un rinc\u00f3n en Ibiza que presume adem\u00e1s de estar abierto todo el a\u00f1o. <a href=\"https:\/\/www.canlluc.com\/\">Can Lluc Boutique Country Hotel &amp; Villas<\/a>, con sus m\u00e1s de 2.000 parras y rodeado de pinos, higueras, algarrobos y olivos milenarios, ofrece el ambiente ideal para cerrar un d\u00eda de desconexi\u00f3n en la <em>isla blanca<\/em>.<\/h6>\n<h6>Su casa payesa, en piedra y madera, invita al visitante a sumergirse en la Ibiza m\u00e1s aut\u00e9ntica, dej\u00e1ndose llevar por el sosiego propio de la isla m\u00e1s rural. En ese mismo entorno 100% local, sus exclusivas villas, construidas en base a las \u00faltimas tendencias del dise\u00f1o, ofrecen la posibilidad de vivir una estancia de privacidad y detalles.<\/h6>\n<h6>Su piscina, calificada como una de las 10 mejores del mundo por el portal <a href=\"https:\/\/www.rusticae.es\/\">Rusticae<\/a>, envuelve el atardecer en Can Lluc en un momento m\u00e1gico. Un ambiente perfecto para saborear un c\u00f3ctel con personalidad propia elaborado con frutos del huerto situado en la misma finca.<\/h6>\n<h6><\/h6>\n<h6><strong>Un para\u00edso, infinitos atardeceres con <em>filosof\u00eda Ibiza<\/em><\/strong><\/h6>\n<h6><strong>\u00a0<\/strong>Cuando Lucas Prats y Tina Soriano abrieron Can Lluc hace 15 a\u00f1os, sab\u00edan que este <em>oasis <\/em>exclusivo a solo 10 minutos del centro de Ibiza respiraba por s\u00ed mismo una atm\u00f3sfera muy especial. Los impulsores de esta casa <em>payesa<\/em> convertida en <em>hotel boutique<\/em> aunaron el arraigo a la isla y los gui\u00f1os a las nuevas tendencias decorativas bajo un mismo filtro.<\/h6>\n<h6>Un <em>saber hacer<\/em> que cobr\u00f3 forma en un inmenso jard\u00edn que invita a la naturaleza a adentrarse en la antigua casa familiar, propiedad del abuelo de Lucas Prats, y a convivir con los algarrobos, los olivos, los pinos y las higueras que caracterizan a este hotel con encanto.<\/h6>\n<h6>Un ambiente de aut\u00e9ntico <em>oasis<\/em> donde la exquisita decoraci\u00f3n interior y exterior supone la <em>guinda<\/em> para vivir un atardecer de ensue\u00f1o. Las camas balinesas que rodean su famosa piscina invitan a dejarse llevar por la brisa mediterr\u00e1nea mientras el sol va cayendo sobre Can Lluc.<\/h6>\n<h6>Un descanso de lujo en el mejor ambiente, donde poder elegir entre los diferentes c\u00f3cteles a degustar, en los que el producto <em>kil\u00f3metro 0<\/em> es el aut\u00e9ntico protagonista. Productos de temporada y diferentes frutas tropicales se mezclan en una explosi\u00f3n de sabores en aut\u00e9nticas elaboraciones completamente naturales.<\/h6>\n<h6>Todo en un entorno de piedra y madera integradas de forma natural con los detalles minimalistas que Tina y Lucas han sabido dotar a Can Lluc. El mimo en el trato convierte las puestas de sol en una aut\u00e9ntica desconexi\u00f3n haci\u00e9ndole sentir a cada visitante como si estuviera en su propio hogar.<\/h6>\n<h6><\/h6>\n<h6><strong><em>Garden &amp; Sunset,<\/em><\/strong><strong> una sala id\u00f3nea que <em>enmarca<\/em> cada atardecer<\/strong><\/h6>\n<h6>Pensada para albergar los eventos personales y profesionales m\u00e1s exclusivos, este es uno de los atractivos que responde a las demandas de los clientes m\u00e1s fieles a Can Lluc. Su terraza <em>chill out<\/em> es la opci\u00f3n id\u00f3nea para quienes quieran disfrutar de la puesta de sol en cualquier \u00e9poca del a\u00f1o.<\/h6>\n<h6>Todo un ejemplo de c\u00f3mo los clientes son una inspiraci\u00f3n constante a la hora de adaptar este reconocido hotel con encanto a los nuevos tiempos.<\/h6>\n<h6>Parejas, familias, amigos as\u00ed como diferentes periodistas e <em>instagramers\/nfluencers<\/em> ya han vivido en primera persona qu\u00e9 significa un atardecer <em>marca Can Lluc<\/em>. Solo dos kil\u00f3metros separan a este agroturismo de San Rafael, centro geogr\u00e1fico de la isla y apenas 10 de San Antonio.<\/h6>\n<h6>Una casa con alma ibicenca donde la desconexi\u00f3n y el mejor ambiente son el broche de oro para relajarse y brindar por el d\u00eda que acaba.<\/h6>\n<p>&nbsp;<\/p>\n<h6><strong>M\u00e1s informaci\u00f3n:<\/strong><\/h6>\n<h6><a href=\"https:\/\/promotourist.us7.list-manage.com\/track\/click?u=97bc72a9cf3df194cc309b0be&amp;id=d938a180d3&amp;e=8e9944b039\">www.canlluc.com<\/a><\/h6>\n<p>&nbsp;<\/p>\n","protected":false},"excerpt":{"rendered":"<p>El agroturismo ibicenco Can Lluc cuenta con instalaciones exclusivas para vivir unas impresionantes puestas de sol. Rodeado de naturaleza mediterr\u00e1nea, este reconocido hotel con encanto es una opci\u00f3n perfecta para tomar un c\u00f3ctel al caer la tarde \u00a0 Ibiza, 17\u00a0 de agosto de 2018.- Ubicado en un entorno id\u00edlico con filtro 100% mediterr\u00e1neo, existe un &#8230; <a title=\"El atardecer ibicenco m\u00e1s exclusivo en el centro de la isla\" class=\"read-more\" href=\"https:\/\/www.canlluc.com\/blog\/el-atardecer-ibicenco-mas-exclusivo-en-el-centro-de-la-isla\/\" aria-label=\"M\u00e1s en El atardecer ibicenco m\u00e1s exclusivo en el centro de la isla\">Leer m\u00e1s<\/a><\/p>\n","protected":false},"author":2,"featured_media":912,"comment_status":"open","ping_status":"open","sticky":false,"template":"","format":"standard","meta":[],"categories":[142],"tags":[],"yoast_head":"<!-- This site is optimized with the Yoast SEO plugin v15.2.1 - https:\/\/yoast.com\/wordpress\/plugins\/seo\/ -->\n<title>El atardecer ibicenco m\u00e1s exclusivo en el centro de la isla - Can Lluc | Blog<\/title>\n<meta name=\"robots\" content=\"index, follow, max-snippet:-1, max-image-preview:large, max-video-preview:-1\" \/>\n<link rel=\"canonical\" href=\"https:\/\/www.canlluc.com\/blog\/el-atardecer-ibicenco-mas-exclusivo-en-el-centro-de-la-isla\/\" \/>\n<meta property=\"og:locale\" content=\"es_ES\" \/>\n<meta property=\"og:type\" content=\"article\" \/>\n<meta property=\"og:title\" content=\"El atardecer ibicenco m\u00e1s exclusivo en el centro de la isla - Can Lluc | Blog\" \/>\n<meta property=\"og:description\" content=\"El agroturismo ibicenco Can Lluc cuenta con instalaciones exclusivas para vivir unas impresionantes puestas de sol. Rodeado de naturaleza mediterr\u00e1nea, este reconocido hotel con encanto es una opci\u00f3n perfecta para tomar un c\u00f3ctel al caer la tarde \u00a0 Ibiza, 17\u00a0 de agosto de 2018.- Ubicado en un entorno id\u00edlico con filtro 100% mediterr\u00e1neo, existe un ... Leer m\u00e1s\" \/>\n<meta property=\"og:url\" content=\"https:\/\/www.canlluc.com\/blog\/el-atardecer-ibicenco-mas-exclusivo-en-el-centro-de-la-isla\/\" \/>\n<meta property=\"og:site_name\" content=\"Can Lluc | Blog\" \/>\n<meta property=\"article:published_time\" content=\"2018-09-10T10:08:20+00:00\" \/>\n<meta property=\"article:modified_time\" content=\"2018-09-10T10:52:12+00:00\" \/>\n<meta property=\"og:image\" content=\"https:\/\/www.canlluc.com\/blog\/wp-content\/uploads\/2018\/09\/34601499154_d2a024c2b3_o-scaled.jpg\" \/>\n\t<meta property=\"og:image:width\" content=\"2560\" \/>\n\t<meta property=\"og:image:height\" content=\"1707\" \/>\n<meta name=\"twitter:card\" content=\"summary\" \/>\n<meta name=\"twitter:label1\" content=\"Escrito por\">\n\t<meta name=\"twitter:data1\" content=\"Can Lluc\">\n\t<meta name=\"twitter:label2\" content=\"Tiempo de lectura\">\n\t<meta name=\"twitter:data2\" content=\"3 minutos\">\n<script type=\"application\/ld+json\" class=\"yoast-schema-graph\">{\"@context\":\"https:\/\/schema.org\",\"@graph\":[{\"@type\":\"WebSite\",\"@id\":\"https:\/\/www.canlluc.com\/blog\/#website\",\"url\":\"https:\/\/www.canlluc.com\/blog\/\",\"name\":\"Can Lluc | Blog\",\"description\":\"Historias mediterr\\u00e1neas, calma junto al mar y experiencias en Ibiza\",\"potentialAction\":[{\"@type\":\"SearchAction\",\"target\":\"https:\/\/www.canlluc.com\/blog\/?s={search_term_string}\",\"query-input\":\"required name=search_term_string\"}],\"inLanguage\":\"es\"},{\"@type\":\"ImageObject\",\"@id\":\"https:\/\/www.canlluc.com\/blog\/el-atardecer-ibicenco-mas-exclusivo-en-el-centro-de-la-isla\/#primaryimage\",\"inLanguage\":\"es\",\"url\":\"https:\/\/www.canlluc.com\/blog\/wp-content\/uploads\/2018\/09\/34601499154_d2a024c2b3_o-scaled.jpg\",\"width\":2560,\"height\":1707,\"caption\":\"Atardeceres Ibiza\"},{\"@type\":\"WebPage\",\"@id\":\"https:\/\/www.canlluc.com\/blog\/el-atardecer-ibicenco-mas-exclusivo-en-el-centro-de-la-isla\/#webpage\",\"url\":\"https:\/\/www.canlluc.com\/blog\/el-atardecer-ibicenco-mas-exclusivo-en-el-centro-de-la-isla\/\",\"name\":\"El atardecer ibicenco m\\u00e1s exclusivo en el centro de la isla - Can Lluc | Blog\",\"isPartOf\":{\"@id\":\"https:\/\/www.canlluc.com\/blog\/#website\"},\"primaryImageOfPage\":{\"@id\":\"https:\/\/www.canlluc.com\/blog\/el-atardecer-ibicenco-mas-exclusivo-en-el-centro-de-la-isla\/#primaryimage\"},\"datePublished\":\"2018-09-10T10:08:20+00:00\",\"dateModified\":\"2018-09-10T10:52:12+00:00\",\"author\":{\"@id\":\"https:\/\/www.canlluc.com\/blog\/#\/schema\/person\/d1f0ed1fabfe2418dbb130903246f8f4\"},\"breadcrumb\":{\"@id\":\"https:\/\/www.canlluc.com\/blog\/el-atardecer-ibicenco-mas-exclusivo-en-el-centro-de-la-isla\/#breadcrumb\"},\"inLanguage\":\"es\",\"potentialAction\":[{\"@type\":\"ReadAction\",\"target\":[\"https:\/\/www.canlluc.com\/blog\/el-atardecer-ibicenco-mas-exclusivo-en-el-centro-de-la-isla\/\"]}]},{\"@type\":\"BreadcrumbList\",\"@id\":\"https:\/\/www.canlluc.com\/blog\/el-atardecer-ibicenco-mas-exclusivo-en-el-centro-de-la-isla\/#breadcrumb\",\"itemListElement\":[{\"@type\":\"ListItem\",\"position\":1,\"item\":{\"@type\":\"WebPage\",\"@id\":\"https:\/\/www.canlluc.com\/blog\/\",\"url\":\"https:\/\/www.canlluc.com\/blog\/\",\"name\":\"Home\"}},{\"@type\":\"ListItem\",\"position\":2,\"item\":{\"@type\":\"WebPage\",\"@id\":\"https:\/\/www.canlluc.com\/blog\/el-atardecer-ibicenco-mas-exclusivo-en-el-centro-de-la-isla\/\",\"url\":\"https:\/\/www.canlluc.com\/blog\/el-atardecer-ibicenco-mas-exclusivo-en-el-centro-de-la-isla\/\",\"name\":\"El atardecer ibicenco m\\u00e1s exclusivo en el centro de la isla\"}}]},{\"@type\":\"Person\",\"@id\":\"https:\/\/www.canlluc.com\/blog\/#\/schema\/person\/d1f0ed1fabfe2418dbb130903246f8f4\",\"name\":\"Can Lluc\",\"image\":{\"@type\":\"ImageObject\",\"@id\":\"https:\/\/www.canlluc.com\/blog\/#personlogo\",\"inLanguage\":\"es\",\"url\":\"https:\/\/secure.gravatar.com\/avatar\/6d6f4ca47e6f2202cafd25ec9fb69261?s=96&d=mm&r=g\",\"caption\":\"Can Lluc\"},\"sameAs\":[\"https:\/\/www.canlluc.com\"]}]}<\/script>\n<!-- \/ Yoast SEO plugin. -->","_links":{"self":[{"href":"https:\/\/www.canlluc.com\/blog\/wp-json\/wp\/v2\/posts\/911"}],"collection":[{"href":"https:\/\/www.canlluc.com\/blog\/wp-json\/wp\/v2\/posts"}],"about":[{"href":"https:\/\/www.canlluc.com\/blog\/wp-json\/wp\/v2\/types\/post"}],"author":[{"embeddable":true,"href":"https:\/\/www.canlluc.com\/blog\/wp-json\/wp\/v2\/users\/2"}],"replies":[{"embeddable":true,"href":"https:\/\/www.canlluc.com\/blog\/wp-json\/wp\/v2\/comments?post=911"}],"version-history":[{"count":3,"href":"https:\/\/www.canlluc.com\/blog\/wp-json\/wp\/v2\/posts\/911\/revisions"}],"predecessor-version":[{"id":918,"href":"https:\/\/www.canlluc.com\/blog\/wp-json\/wp\/v2\/posts\/911\/revisions\/918"}],"wp:featuredmedia":[{"embeddable":true,"href":"https:\/\/www.canlluc.com\/blog\/wp-json\/wp\/v2\/media\/912"}],"wp:attachment":[{"href":"https:\/\/www.canlluc.com\/blog\/wp-json\/wp\/v2\/media?parent=911"}],"wp:term":[{"taxonomy":"category","embeddable":true,"href":"https:\/\/www.canlluc.com\/blog\/wp-json\/wp\/v2\/categories?post=911"},{"taxonomy":"post_tag","embeddable":true,"href":"https:\/\/www.canlluc.com\/blog\/wp-json\/wp\/v2\/tags?post=911"}],"curies":[{"name":"wp","href":"https:\/\/api.w.org\/{rel}","templated":true}]}}