{"id":843,"date":"2018-08-09T17:47:29","date_gmt":"2018-08-09T16:47:29","guid":{"rendered":"http:\/\/www.canlluc.com\/blog\/?p=843"},"modified":"2018-08-10T09:08:17","modified_gmt":"2018-08-10T08:08:17","slug":"los-medios-de-comunicacion-entrevistan-al-propietario-de-can-lluc-como-referente-de-los-alojamiento-de-turismo-rural-en-ibiza","status":"publish","type":"post","link":"https:\/\/www.canlluc.com\/blog\/los-medios-de-comunicacion-entrevistan-al-propietario-de-can-lluc-como-referente-de-los-alojamiento-de-turismo-rural-en-ibiza\/","title":{"rendered":"Los medios de comunicaci\u00f3n entrevistan al propietario de Can Lluc, como  referente de los alojamiento de turismo rural en Ibiza"},"content":{"rendered":"<p>Llegamos al ecuador de la temporada tur\u00edstica en Ibiza y los medios de comunicaci\u00f3n quieren averiguar c\u00f3mo est\u00e1n viviendo el verano los alojamientos de Ibiza. Para ello, esta semana el <strong>Informatiu Mat\u00ed d\u2019IB3 R\u00e0dio<\/strong> ha llamado a la puerta de Can Lluc Boutique Country Hotel &amp; Villas para <strong><a href=\"https:\/\/ib3.org\/ens-hem-centrat-tant-a-desestacionalitzar-que-ens-hem-oblidat-domplir-a-lestiu.html\" target=\"_blank\" rel=\"noopener\">entrevistar<\/a><\/strong> a su propietario, Lucas Prats, y conocer m\u00e1s de cerca la visi\u00f3n y experiencia de este enclave de alta categor\u00eda y referente en la isla.<\/p>\n<p>Por su parte, el propietario y experto en turismo avanza que la isla est\u00e1 proyectando una imagen equivocada de Ibiza como un lugar \u201ccolapsado en el que no se puede estar\u201d. Y es que, de hecho, \u201cla isla est\u00e1 m\u00e1s tranquila que otros a\u00f1os\u201d. Aunque para Can Lluc esto nunca ha supuesto un problema, ya que este alojamiento es conocido por ser el lugar ideal para encontrar la paz y la magia que uno busca en sus vacaciones y disfrutar de unos d\u00edas en la intimidad y la naturaleza ibicenca. Lucas, remarca que la clave est\u00e1 en \u201cconfiar en lo que siempre ha atra\u00eddo a los turistas de Ibiza, como sus valores, su gastronom\u00eda y sus paisajes y, desde los hoteles, ofrecer un servicio\u00a0de calidad con un trato familiar y personal\u00bb.<\/p>\n<p>\u00bfEscuchamos la <a href=\"https:\/\/ib3.org\/carta?id=6caac506-1afc-487f-b678-7a897642b3f3&amp;type=RADIO&amp;t=2928&amp;f=3360\" target=\"_blank\" rel=\"noopener\"><strong>entrevista completa<\/strong><\/a> y tomamos nota de los consejos del experto para que tanto la oferta como la demanda tur\u00edstica mejore sus condiciones en la isla?<\/p>\n<ul>\n<li>No te pierdas la noticia de IB3 <a href=\"https:\/\/ib3.org\/ens-hem-centrat-tant-a-desestacionalitzar-que-ens-hem-oblidat-domplir-a-lestiu.html\" target=\"_blank\" rel=\"noopener\"><strong>aqu\u00ed<\/strong><\/a><\/li>\n<li>Vuelve a escuchar la entrevista radiof\u00f3nica <a href=\"https:\/\/ib3.org\/carta?id=6caac506-1afc-487f-b678-7a897642b3f3&amp;type=RADIO&amp;t=2928&amp;f=3360\" target=\"_blank\" rel=\"noopener\"><strong>aqu\u00ed<\/strong><\/a><\/li>\n<\/ul>\n","protected":false},"excerpt":{"rendered":"<p>Llegamos al ecuador de la temporada tur\u00edstica en Ibiza y los medios de comunicaci\u00f3n quieren averiguar c\u00f3mo est\u00e1n viviendo el verano los alojamientos de Ibiza. Para ello, esta semana el Informatiu Mat\u00ed d\u2019IB3 R\u00e0dio ha llamado a la puerta de Can Lluc Boutique Country Hotel &amp; Villas para entrevistar a su propietario, Lucas Prats, y &#8230; <a title=\"Los medios de comunicaci\u00f3n entrevistan al propietario de Can Lluc, como  referente de los alojamiento de turismo rural en Ibiza\" class=\"read-more\" href=\"https:\/\/www.canlluc.com\/blog\/los-medios-de-comunicacion-entrevistan-al-propietario-de-can-lluc-como-referente-de-los-alojamiento-de-turismo-rural-en-ibiza\/\" aria-label=\"M\u00e1s en Los medios de comunicaci\u00f3n entrevistan al propietario de Can Lluc, como  referente de los alojamiento de turismo rural en Ibiza\">Leer m\u00e1s<\/a><\/p>\n","protected":false},"author":2,"featured_media":460,"comment_status":"open","ping_status":"open","sticky":false,"template":"","format":"standard","meta":[],"categories":[143],"tags":[],"yoast_head":"<!-- This site is optimized with the Yoast SEO plugin v15.2.1 - https:\/\/yoast.com\/wordpress\/plugins\/seo\/ -->\n<title>Los medios de comunicaci\u00f3n entrevistan al propietario de Can Lluc, como referente de los alojamiento de turismo rural en Ibiza - Can Lluc | Blog<\/title>\n<meta name=\"robots\" content=\"index, follow, max-snippet:-1, max-image-preview:large, max-video-preview:-1\" \/>\n<link rel=\"canonical\" href=\"https:\/\/www.canlluc.com\/blog\/los-medios-de-comunicacion-entrevistan-al-propietario-de-can-lluc-como-referente-de-los-alojamiento-de-turismo-rural-en-ibiza\/\" \/>\n<meta property=\"og:locale\" content=\"es_ES\" \/>\n<meta property=\"og:type\" content=\"article\" \/>\n<meta property=\"og:title\" content=\"Los medios de comunicaci\u00f3n entrevistan al propietario de Can Lluc, como referente de los alojamiento de turismo rural en Ibiza\" \/>\n<meta property=\"og:description\" content=\"Llegamos al ecuador de la temporada tur\u00edstica en Ibiza y los medios de comunicaci\u00f3n quieren averiguar c\u00f3mo est\u00e1n viviendo el verano los alojamientos de Ibiza. Para ello, esta semana el Informatiu Mat\u00ed d\u2019IB3 R\u00e0dio ha llamado a la puerta de Can Lluc Boutique Country Hotel &amp; Villas.\" \/>\n<meta property=\"og:url\" content=\"https:\/\/www.canlluc.com\/blog\/los-medios-de-comunicacion-entrevistan-al-propietario-de-can-lluc-como-referente-de-los-alojamiento-de-turismo-rural-en-ibiza\/\" \/>\n<meta property=\"og:site_name\" content=\"Can Lluc | Blog\" \/>\n<meta property=\"article:published_time\" content=\"2018-08-09T16:47:29+00:00\" \/>\n<meta property=\"article:modified_time\" content=\"2018-08-10T08:08:17+00:00\" \/>\n<meta property=\"og:image\" content=\"https:\/\/www.canlluc.com\/blog\/wp-content\/uploads\/2017\/06\/IMG_4113.jpg\" \/>\n<meta name=\"twitter:card\" content=\"summary\" \/>\n<meta name=\"twitter:label1\" content=\"Escrito por\">\n\t<meta name=\"twitter:data1\" content=\"Can Lluc\">\n\t<meta name=\"twitter:label2\" content=\"Tiempo de lectura\">\n\t<meta name=\"twitter:data2\" content=\"1 minuto\">\n<script type=\"application\/ld+json\" class=\"yoast-schema-graph\">{\"@context\":\"https:\/\/schema.org\",\"@graph\":[{\"@type\":\"WebSite\",\"@id\":\"https:\/\/www.canlluc.com\/blog\/#website\",\"url\":\"https:\/\/www.canlluc.com\/blog\/\",\"name\":\"Can Lluc | Blog\",\"description\":\"Historias mediterr\\u00e1neas, calma junto al mar y experiencias en Ibiza\",\"potentialAction\":[{\"@type\":\"SearchAction\",\"target\":\"https:\/\/www.canlluc.com\/blog\/?s={search_term_string}\",\"query-input\":\"required name=search_term_string\"}],\"inLanguage\":\"es\"},{\"@type\":\"ImageObject\",\"@id\":\"https:\/\/www.canlluc.com\/blog\/los-medios-de-comunicacion-entrevistan-al-propietario-de-can-lluc-como-referente-de-los-alojamiento-de-turismo-rural-en-ibiza\/#primaryimage\",\"inLanguage\":\"es\",\"url\":\"https:\/\/www.canlluc.com\/blog\/wp-content\/uploads\/2017\/06\/IMG_4113-e1686643295329.jpg\",\"width\":1600,\"height\":816,\"caption\":\"Autor\\u00eda: Can Lluc\"},{\"@type\":\"WebPage\",\"@id\":\"https:\/\/www.canlluc.com\/blog\/los-medios-de-comunicacion-entrevistan-al-propietario-de-can-lluc-como-referente-de-los-alojamiento-de-turismo-rural-en-ibiza\/#webpage\",\"url\":\"https:\/\/www.canlluc.com\/blog\/los-medios-de-comunicacion-entrevistan-al-propietario-de-can-lluc-como-referente-de-los-alojamiento-de-turismo-rural-en-ibiza\/\",\"name\":\"Los medios de comunicaci\\u00f3n entrevistan al propietario de Can Lluc, como referente de los alojamiento de turismo rural en Ibiza - Can Lluc | Blog\",\"isPartOf\":{\"@id\":\"https:\/\/www.canlluc.com\/blog\/#website\"},\"primaryImageOfPage\":{\"@id\":\"https:\/\/www.canlluc.com\/blog\/los-medios-de-comunicacion-entrevistan-al-propietario-de-can-lluc-como-referente-de-los-alojamiento-de-turismo-rural-en-ibiza\/#primaryimage\"},\"datePublished\":\"2018-08-09T16:47:29+00:00\",\"dateModified\":\"2018-08-10T08:08:17+00:00\",\"author\":{\"@id\":\"https:\/\/www.canlluc.com\/blog\/#\/schema\/person\/d1f0ed1fabfe2418dbb130903246f8f4\"},\"breadcrumb\":{\"@id\":\"https:\/\/www.canlluc.com\/blog\/los-medios-de-comunicacion-entrevistan-al-propietario-de-can-lluc-como-referente-de-los-alojamiento-de-turismo-rural-en-ibiza\/#breadcrumb\"},\"inLanguage\":\"es\",\"potentialAction\":[{\"@type\":\"ReadAction\",\"target\":[\"https:\/\/www.canlluc.com\/blog\/los-medios-de-comunicacion-entrevistan-al-propietario-de-can-lluc-como-referente-de-los-alojamiento-de-turismo-rural-en-ibiza\/\"]}]},{\"@type\":\"BreadcrumbList\",\"@id\":\"https:\/\/www.canlluc.com\/blog\/los-medios-de-comunicacion-entrevistan-al-propietario-de-can-lluc-como-referente-de-los-alojamiento-de-turismo-rural-en-ibiza\/#breadcrumb\",\"itemListElement\":[{\"@type\":\"ListItem\",\"position\":1,\"item\":{\"@type\":\"WebPage\",\"@id\":\"https:\/\/www.canlluc.com\/blog\/\",\"url\":\"https:\/\/www.canlluc.com\/blog\/\",\"name\":\"Home\"}},{\"@type\":\"ListItem\",\"position\":2,\"item\":{\"@type\":\"WebPage\",\"@id\":\"https:\/\/www.canlluc.com\/blog\/los-medios-de-comunicacion-entrevistan-al-propietario-de-can-lluc-como-referente-de-los-alojamiento-de-turismo-rural-en-ibiza\/\",\"url\":\"https:\/\/www.canlluc.com\/blog\/los-medios-de-comunicacion-entrevistan-al-propietario-de-can-lluc-como-referente-de-los-alojamiento-de-turismo-rural-en-ibiza\/\",\"name\":\"Los medios de comunicaci\\u00f3n entrevistan al propietario de Can Lluc, como referente de los alojamiento de turismo rural en Ibiza\"}}]},{\"@type\":\"Person\",\"@id\":\"https:\/\/www.canlluc.com\/blog\/#\/schema\/person\/d1f0ed1fabfe2418dbb130903246f8f4\",\"name\":\"Can Lluc\",\"image\":{\"@type\":\"ImageObject\",\"@id\":\"https:\/\/www.canlluc.com\/blog\/#personlogo\",\"inLanguage\":\"es\",\"url\":\"https:\/\/secure.gravatar.com\/avatar\/6d6f4ca47e6f2202cafd25ec9fb69261?s=96&d=mm&r=g\",\"caption\":\"Can Lluc\"},\"sameAs\":[\"https:\/\/www.canlluc.com\"]}]}<\/script>\n<!-- \/ Yoast SEO plugin. -->","_links":{"self":[{"href":"https:\/\/www.canlluc.com\/blog\/wp-json\/wp\/v2\/posts\/843"}],"collection":[{"href":"https:\/\/www.canlluc.com\/blog\/wp-json\/wp\/v2\/posts"}],"about":[{"href":"https:\/\/www.canlluc.com\/blog\/wp-json\/wp\/v2\/types\/post"}],"author":[{"embeddable":true,"href":"https:\/\/www.canlluc.com\/blog\/wp-json\/wp\/v2\/users\/2"}],"replies":[{"embeddable":true,"href":"https:\/\/www.canlluc.com\/blog\/wp-json\/wp\/v2\/comments?post=843"}],"version-history":[{"count":4,"href":"https:\/\/www.canlluc.com\/blog\/wp-json\/wp\/v2\/posts\/843\/revisions"}],"predecessor-version":[{"id":848,"href":"https:\/\/www.canlluc.com\/blog\/wp-json\/wp\/v2\/posts\/843\/revisions\/848"}],"wp:featuredmedia":[{"embeddable":true,"href":"https:\/\/www.canlluc.com\/blog\/wp-json\/wp\/v2\/media\/460"}],"wp:attachment":[{"href":"https:\/\/www.canlluc.com\/blog\/wp-json\/wp\/v2\/media?parent=843"}],"wp:term":[{"taxonomy":"category","embeddable":true,"href":"https:\/\/www.canlluc.com\/blog\/wp-json\/wp\/v2\/categories?post=843"},{"taxonomy":"post_tag","embeddable":true,"href":"https:\/\/www.canlluc.com\/blog\/wp-json\/wp\/v2\/tags?post=843"}],"curies":[{"name":"wp","href":"https:\/\/api.w.org\/{rel}","templated":true}]}}