{"id":7607,"date":"2025-01-14T10:40:58","date_gmt":"2025-01-14T09:40:58","guid":{"rendered":"https:\/\/www.canlluc.com\/blog\/?p=7607"},"modified":"2025-01-30T12:56:32","modified_gmt":"2025-01-30T11:56:32","slug":"san-valentin-en-una-villa-con-piscina-climatizada","status":"publish","type":"post","link":"https:\/\/www.canlluc.com\/blog\/san-valentin-en-una-villa-con-piscina-climatizada\/","title":{"rendered":"San Valent\u00edn en una villa con piscina (climatizada)"},"content":{"rendered":"\t\t<div data-elementor-type=\"wp-post\" data-elementor-id=\"7607\" class=\"elementor elementor-7607\" data-elementor-settings=\"[]\">\n\t\t\t\t\t\t<div class=\"elementor-inner\">\n\t\t\t\t\t\t\t<div class=\"elementor-section-wrap\">\n\t\t\t\t\t\t\t<section class=\"elementor-section elementor-top-section elementor-element elementor-element-4170883 elementor-section-boxed elementor-section-height-default elementor-section-height-default\" data-id=\"4170883\" data-element_type=\"section\">\n\t\t\t\t\t\t<div class=\"elementor-container elementor-column-gap-default\">\n\t\t\t\t\t\t\t<div class=\"elementor-row\">\n\t\t\t\t\t<div class=\"elementor-column elementor-col-100 elementor-top-column elementor-element elementor-element-4b2274c1\" data-id=\"4b2274c1\" data-element_type=\"column\">\n\t\t\t<div class=\"elementor-column-wrap elementor-element-populated\">\n\t\t\t\t\t\t\t<div class=\"elementor-widget-wrap\">\n\t\t\t\t\t\t<div class=\"elementor-element elementor-element-109f42e9 elementor-widget elementor-widget-text-editor\" data-id=\"109f42e9\" data-element_type=\"widget\" data-widget_type=\"text-editor.default\">\n\t\t\t\t<div class=\"elementor-widget-container\">\n\t\t\t\t\t\t\t\t<div class=\"elementor-text-editor elementor-clearfix\">\n\t\t\t\t<p><strong>Can Lluc Boutique Country Hotel &amp; Villas, el hotel rural m\u00e1s emblem\u00e1tico de Ibiza, te invita a celebrar el amor es una estancia de la que no querr\u00e1s salir en todo el fin de semana.<\/strong><\/p>\t\t\t\t\t<\/div>\n\t\t\t\t\t\t<\/div>\n\t\t\t\t<\/div>\n\t\t\t\t<div class=\"elementor-element elementor-element-d325135 elementor-widget elementor-widget-image\" data-id=\"d325135\" data-element_type=\"widget\" data-widget_type=\"image.default\">\n\t\t\t\t<div class=\"elementor-widget-container\">\n\t\t\t\t\t\t\t\t<div class=\"elementor-image\">\n\t\t\t\t\t\t\t\t\t\t\t\t<img decoding=\"async\" width=\"1024\" height=\"683\" src=\"https:\/\/www.canlluc.com\/blog\/wp-content\/uploads\/2023\/08\/VILLA-CAN-LLUC-WEB-32-1024x683.jpg\" class=\"attachment-large size-large\" alt=\"\" loading=\"lazy\" srcset=\"https:\/\/www.canlluc.com\/blog\/wp-content\/uploads\/2023\/08\/VILLA-CAN-LLUC-WEB-32-1024x683.jpg 1024w, https:\/\/www.canlluc.com\/blog\/wp-content\/uploads\/2023\/08\/VILLA-CAN-LLUC-WEB-32-300x200.jpg 300w, https:\/\/www.canlluc.com\/blog\/wp-content\/uploads\/2023\/08\/VILLA-CAN-LLUC-WEB-32-768x512.jpg 768w, https:\/\/www.canlluc.com\/blog\/wp-content\/uploads\/2023\/08\/VILLA-CAN-LLUC-WEB-32-1536x1025.jpg 1536w, https:\/\/www.canlluc.com\/blog\/wp-content\/uploads\/2023\/08\/VILLA-CAN-LLUC-WEB-32.jpg 2045w\" sizes=\"(max-width: 1024px) 100vw, 1024px\" \/>\t\t\t\t\t\t\t\t\t\t\t\t\t\t<\/div>\n\t\t\t\t\t\t<\/div>\n\t\t\t\t<\/div>\n\t\t\t\t<div class=\"elementor-element elementor-element-32aa2ec elementor-widget elementor-widget-text-editor\" data-id=\"32aa2ec\" data-element_type=\"widget\" data-widget_type=\"text-editor.default\">\n\t\t\t\t<div class=\"elementor-widget-container\">\n\t\t\t\t\t\t\t\t<div class=\"elementor-text-editor elementor-clearfix\">\n\t\t\t\t<p><em>La suite Deluxe de Can Lluc Country Hotel &amp; Villas mide 180 metros cuadrados y cuenta con una preciosa piscina privada climatizada<\/em><\/p>\t\t\t\t\t<\/div>\n\t\t\t\t\t\t<\/div>\n\t\t\t\t<\/div>\n\t\t\t\t\t\t<\/div>\n\t\t\t\t\t<\/div>\n\t\t<\/div>\n\t\t\t\t\t\t\t\t<\/div>\n\t\t\t\t\t<\/div>\n\t\t<\/section>\n\t\t\t\t<section class=\"elementor-section elementor-top-section elementor-element elementor-element-429c617 elementor-section-boxed elementor-section-height-default elementor-section-height-default\" data-id=\"429c617\" data-element_type=\"section\">\n\t\t\t\t\t\t<div class=\"elementor-container elementor-column-gap-default\">\n\t\t\t\t\t\t\t<div class=\"elementor-row\">\n\t\t\t\t\t<div class=\"elementor-column elementor-col-100 elementor-top-column elementor-element elementor-element-0838d83\" data-id=\"0838d83\" data-element_type=\"column\">\n\t\t\t<div class=\"elementor-column-wrap elementor-element-populated\">\n\t\t\t\t\t\t\t<div class=\"elementor-widget-wrap\">\n\t\t\t\t\t\t<div class=\"elementor-element elementor-element-7992866 elementor-widget elementor-widget-text-editor\" data-id=\"7992866\" data-element_type=\"widget\" data-widget_type=\"text-editor.default\">\n\t\t\t\t<div class=\"elementor-widget-container\">\n\t\t\t\t\t\t\t\t<div class=\"elementor-text-editor elementor-clearfix\">\n\t\t\t\t<p><strong>A 14 de enero de 2025<\/strong>. Este a\u00f1o el d\u00eda de San Valent\u00edn cae en viernes, por lo que muchos son los que buscan una propuesta de lo m\u00e1s rom\u00e1ntica para celebrarlo. Si quieres huir del fr\u00edo, esc\u00e1pate a Ibiza con tu pareja y disfruta de una estancia inolvidable en la suite Deluxe de <a href=\"https:\/\/www.canlluc.com\/\">Can Lluc Country Hotel &amp; Villas<\/a>, el hotel rural m\u00e1s emblem\u00e1tico de Ibiza.<\/p><p>Adem\u00e1s de sus 180 metros cuadrados, de sus incre\u00edbles vistas y de su preciosa decoraci\u00f3n, al m\u00e1s puro estilo mediterr\u00e1neo, podr\u00e9is gozar de su nueva piscina climatizada, en cuyo interior los rayos de sol ibicencos os sabr\u00e1n a gloria.<\/p><p>En el caso de que el tiempo no acompa\u00f1e, \u00a1no os preocup\u00e9is! Siempre os quedar\u00e1 el recurso de encender la preciosa chimenea de dise\u00f1o que preside el dormitorio principal de la suite, y acabar la velada frente a la lumbre.<\/p><p>Adem\u00e1s, podr\u00e9is completar la rom\u00e1ntica estancia con experiencias m\u00e1gicas como un masaje para pareja, un sofisticado tratamiento facial o corporal o una clase privada de yoga y meditaci\u00f3n.<\/p><p>Aunque sea invierno, no os priv\u00e9is de pasar el 14 de febrero en la isla del amor, gozando del ambiente rom\u00e1ntico de su hotel rural m\u00e1s emblem\u00e1tico: <a href=\"https:\/\/www.canlluc.com\/\">Can Lluc Country Hotel &amp; Villas<\/a>. La nueva piscina climatizada de su suite m\u00e1s exclusiva promete momentos inolvidables. \u00a1Te esperamos!<\/p>\t\t\t\t\t<\/div>\n\t\t\t\t\t\t<\/div>\n\t\t\t\t<\/div>\n\t\t\t\t\t\t<\/div>\n\t\t\t\t\t<\/div>\n\t\t<\/div>\n\t\t\t\t\t\t\t\t<\/div>\n\t\t\t\t\t<\/div>\n\t\t<\/section>\n\t\t\t\t<section class=\"elementor-section elementor-top-section elementor-element elementor-element-11ef3fd elementor-section-boxed elementor-section-height-default elementor-section-height-default\" data-id=\"11ef3fd\" data-element_type=\"section\">\n\t\t\t\t\t\t<div class=\"elementor-container elementor-column-gap-default\">\n\t\t\t\t\t\t\t<div class=\"elementor-row\">\n\t\t\t\t\t<div class=\"elementor-column elementor-col-100 elementor-top-column elementor-element elementor-element-74e5b40\" data-id=\"74e5b40\" data-element_type=\"column\">\n\t\t\t<div class=\"elementor-column-wrap elementor-element-populated\">\n\t\t\t\t\t\t\t<div class=\"elementor-widget-wrap\">\n\t\t\t\t\t\t<div class=\"elementor-element elementor-element-7dd0303 elementor-widget elementor-widget-image\" data-id=\"7dd0303\" data-element_type=\"widget\" data-widget_type=\"image.default\">\n\t\t\t\t<div class=\"elementor-widget-container\">\n\t\t\t\t\t\t\t\t<div class=\"elementor-image\">\n\t\t\t\t\t\t\t\t\t\t\t\t<img decoding=\"async\" width=\"1024\" height=\"683\" src=\"https:\/\/www.canlluc.com\/blog\/wp-content\/uploads\/2024\/11\/VILLA-CAN-LLUC-WEB-14-1024x683.jpg\" class=\"attachment-large size-large\" alt=\"\" loading=\"lazy\" srcset=\"https:\/\/www.canlluc.com\/blog\/wp-content\/uploads\/2024\/11\/VILLA-CAN-LLUC-WEB-14-1024x683.jpg 1024w, https:\/\/www.canlluc.com\/blog\/wp-content\/uploads\/2024\/11\/VILLA-CAN-LLUC-WEB-14-300x200.jpg 300w, https:\/\/www.canlluc.com\/blog\/wp-content\/uploads\/2024\/11\/VILLA-CAN-LLUC-WEB-14-768x512.jpg 768w, https:\/\/www.canlluc.com\/blog\/wp-content\/uploads\/2024\/11\/VILLA-CAN-LLUC-WEB-14-1536x1025.jpg 1536w, https:\/\/www.canlluc.com\/blog\/wp-content\/uploads\/2024\/11\/VILLA-CAN-LLUC-WEB-14.jpg 2045w\" sizes=\"(max-width: 1024px) 100vw, 1024px\" \/>\t\t\t\t\t\t\t\t\t\t\t\t\t\t<\/div>\n\t\t\t\t\t\t<\/div>\n\t\t\t\t<\/div>\n\t\t\t\t\t\t<\/div>\n\t\t\t\t\t<\/div>\n\t\t<\/div>\n\t\t\t\t\t\t\t\t<\/div>\n\t\t\t\t\t<\/div>\n\t\t<\/section>\n\t\t\t\t<section class=\"elementor-section elementor-top-section elementor-element elementor-element-5eed8f6 elementor-section-boxed elementor-section-height-default elementor-section-height-default\" data-id=\"5eed8f6\" data-element_type=\"section\">\n\t\t\t\t\t\t<div class=\"elementor-container elementor-column-gap-default\">\n\t\t\t\t\t\t\t<div class=\"elementor-row\">\n\t\t\t\t\t<div class=\"elementor-column elementor-col-100 elementor-top-column elementor-element elementor-element-48d0229\" data-id=\"48d0229\" data-element_type=\"column\">\n\t\t\t<div class=\"elementor-column-wrap elementor-element-populated\">\n\t\t\t\t\t\t\t<div class=\"elementor-widget-wrap\">\n\t\t\t\t\t\t<div class=\"elementor-element elementor-element-34e4284 elementor-widget elementor-widget-text-editor\" data-id=\"34e4284\" data-element_type=\"widget\" data-widget_type=\"text-editor.default\">\n\t\t\t\t<div class=\"elementor-widget-container\">\n\t\t\t\t\t\t\t\t<div class=\"elementor-text-editor elementor-clearfix\">\n\t\t\t\t<p><em>Algunas de las villas de\u00a0<a href=\"https:\/\/www.canlluc.com\/\" target=\"_blank\" rel=\"noopener\">Can Lluc Boutique Country Hotel &amp; Villas<\/a>\u00a0cuentan con su propia chimenea.<\/em><\/p>\t\t\t\t\t<\/div>\n\t\t\t\t\t\t<\/div>\n\t\t\t\t<\/div>\n\t\t\t\t<div class=\"elementor-element elementor-element-b54a13d elementor-widget elementor-widget-text-editor\" data-id=\"b54a13d\" data-element_type=\"widget\" data-widget_type=\"text-editor.default\">\n\t\t\t\t<div class=\"elementor-widget-container\">\n\t\t\t\t\t\t\t\t<div class=\"elementor-text-editor elementor-clearfix\">\n\t\t\t\t<p><u><strong>Acerca de Can Lluc Boutique Country Hotel &amp; Villas<\/strong><\/u><\/p>\t\t\t\t\t<\/div>\n\t\t\t\t\t\t<\/div>\n\t\t\t\t<\/div>\n\t\t\t\t<div class=\"elementor-element elementor-element-c113ad8 elementor-widget elementor-widget-text-editor\" data-id=\"c113ad8\" data-element_type=\"widget\" data-widget_type=\"text-editor.default\">\n\t\t\t\t<div class=\"elementor-widget-container\">\n\t\t\t\t\t\t\t\t<div class=\"elementor-text-editor elementor-clearfix\">\n\t\t\t\t<p><a href=\"https:\/\/www.canlluc.com\/\" target=\"_blank\" rel=\"noopener\">Can Lluc Boutique Country Hotel &amp; Villas<\/a>\u00a0es un precioso hotel boutique de 25 habitaciones (de las cuales 14 son villas privadas), que abri\u00f3 sus puertas en 2003 en una antigua finca de labranza con m\u00e1s de 300 a\u00f1os de historia. Un proyecto familiar de Tina Soriano y Lucas Prats, que buscaba rendir homenaje al abuelo de este \u00faltimo, Jos\u00e9 Prats Costa, creando un hotel que mostrase la Ibiza m\u00e1s aut\u00e9ntica. Una Ibiza rural que conecta con el mar a trav\u00e9s de las vistas de su mirador, y de su cercan\u00eda a la Bah\u00eda de San Antonio; y que invita a disfrutar del Mediterr\u00e1neo desprendiendo aromas inconfundibles a pino, higuera y jazm\u00edn.<\/p><p>Can Lluc Country Hotel &amp; Villas fue remodelado por el arquitecto ibicenco Jos\u00e9 Torres, quien durante 3 a\u00f1os rehabilit\u00f3 la antigua casa de labranza y convirti\u00f3 zonas d\u00f3nde se criaban gallinas, palomas y mulas en sofisticadas habitaciones que mantienen el estilo art\u00edstico pitiuso.<\/p><p>El proyecto de interiorismo inicial corri\u00f3 a cargo del estudio de decoraci\u00f3n Aixut Alvarado, mientras que \u00e9ste fue culminado por los interioristas de Farr\u00e9 &amp; Costa. Adem\u00e1s, el restaurador Jos\u00e9 Mar\u00eda Velasco se hizo cargo de la rehabilitaci\u00f3n de parte del mobiliario existente como ba\u00fales, paseos, aperos de labranza, puertas y ventanas.<\/p><p>Por \u00faltimo, cabe destacar la preservaci\u00f3n en su interior de cuadros de pintores locales conocidos como Pomar, Marta Torres o Ferrer Guasch, entre otros artistas.<\/p><p>Adem\u00e1s de 11 habitaciones construidas en el edificio principal, Can Lluc cuenta con 14 villas privadas, algunas de las cuales est\u00e1n dotadas de una piscina privada infinity que regala a sus moradores los mejores atardeceres ibicencos.<\/p><p>Otro de los aspectos diferenciales de Can Lluc es su capacidad para combinar rom\u00e1nticas estancias de parejas con divertidas vacaciones familiares.<\/p><p>La amplitud del recinto hace posible que cada cliente encuentre lo que busca, relaj\u00e1ndose en su piscina de dise\u00f1o con cascada, tomando un c\u00f3ctel en su propio bar chiringuito o en las camas balinesas del solarium, realizando actividades de bienestar como yoga, gozando de masajes inolvidables en su zona wellness, divirti\u00e9ndose en el parque infantil, degustando exquisita gastronom\u00eda local en su restaurante km0 o acudiendo a los principales atractivos tur\u00edsticos de la isla, muchos de los cuales distan a menos de 20 minutos de Can Lluc.<\/p><p>Con el fin de respetar el entorno natural en el que est\u00e1 ubicado, Can Lluc Country Hotel &amp; Villas ha apostado desde su apertura por la gesti\u00f3n sostenible del complejo, y por una propuesta que invita a reconectar con uno mismo en un lugar m\u00e1gico como la isla de Ibiza.<\/p>\t\t\t\t\t<\/div>\n\t\t\t\t\t\t<\/div>\n\t\t\t\t<\/div>\n\t\t\t\t\t\t<\/div>\n\t\t\t\t\t<\/div>\n\t\t<\/div>\n\t\t\t\t\t\t\t\t<\/div>\n\t\t\t\t\t<\/div>\n\t\t<\/section>\n\t\t\t\t<section class=\"elementor-section elementor-top-section elementor-element elementor-element-244c32b elementor-section-boxed elementor-section-height-default elementor-section-height-default\" data-id=\"244c32b\" data-element_type=\"section\">\n\t\t\t\t\t\t<div class=\"elementor-container elementor-column-gap-default\">\n\t\t\t\t\t\t\t<div class=\"elementor-row\">\n\t\t\t\t\t<div class=\"elementor-column elementor-col-100 elementor-top-column elementor-element elementor-element-05d9b62\" data-id=\"05d9b62\" data-element_type=\"column\">\n\t\t\t<div class=\"elementor-column-wrap\">\n\t\t\t\t\t\t\t<div class=\"elementor-widget-wrap\">\n\t\t\t\t\t\t\t\t<\/div>\n\t\t\t\t\t<\/div>\n\t\t<\/div>\n\t\t\t\t\t\t\t\t<\/div>\n\t\t\t\t\t<\/div>\n\t\t<\/section>\n\t\t\t\t<section class=\"elementor-section elementor-top-section elementor-element elementor-element-d61591e elementor-section-boxed elementor-section-height-default elementor-section-height-default\" data-id=\"d61591e\" data-element_type=\"section\">\n\t\t\t\t\t\t<div class=\"elementor-container elementor-column-gap-default\">\n\t\t\t\t\t\t\t<div class=\"elementor-row\">\n\t\t\t\t\t<div class=\"elementor-column elementor-col-100 elementor-top-column elementor-element elementor-element-5ca4975\" data-id=\"5ca4975\" data-element_type=\"column\">\n\t\t\t<div class=\"elementor-column-wrap elementor-element-populated\">\n\t\t\t\t\t\t\t<div class=\"elementor-widget-wrap\">\n\t\t\t\t\t\t<div class=\"elementor-element elementor-element-fd6726e elementor-share-buttons--view-icon elementor-share-buttons--align-center elementor-share-buttons--skin-gradient elementor-share-buttons--shape-square elementor-grid-0 elementor-share-buttons--color-official elementor-widget elementor-widget-share-buttons\" data-id=\"fd6726e\" data-element_type=\"widget\" data-widget_type=\"share-buttons.default\">\n\t\t\t\t<div class=\"elementor-widget-container\">\n\t\t\t\t\t<div class=\"elementor-grid\">\n\t\t\t\t\t\t\t\t<div class=\"elementor-grid-item\">\n\t\t\t\t\t\t<div class=\"elementor-share-btn elementor-share-btn_facebook\">\n\t\t\t\t\t\t\t\t\t\t\t\t\t\t\t<span class=\"elementor-share-btn__icon\">\n\t\t\t\t\t\t\t\t<i class=\"fab fa-facebook\" aria-hidden=\"true\"><\/i>\t\t\t\t\t\t\t\t<span\n\t\t\t\t\t\t\t\t\tclass=\"elementor-screen-only\">Share on facebook<\/span>\n\t\t\t\t\t\t\t<\/span>\n\t\t\t\t\t\t\t\t\t\t\t\t\t\t\t\t\t\t\t\t<\/div>\n\t\t\t\t\t<\/div>\n\t\t\t\t\t\t\t\t\t<div class=\"elementor-grid-item\">\n\t\t\t\t\t\t<div class=\"elementor-share-btn elementor-share-btn_linkedin\">\n\t\t\t\t\t\t\t\t\t\t\t\t\t\t\t<span class=\"elementor-share-btn__icon\">\n\t\t\t\t\t\t\t\t<i class=\"fab fa-linkedin\" aria-hidden=\"true\"><\/i>\t\t\t\t\t\t\t\t<span\n\t\t\t\t\t\t\t\t\tclass=\"elementor-screen-only\">Share on linkedin<\/span>\n\t\t\t\t\t\t\t<\/span>\n\t\t\t\t\t\t\t\t\t\t\t\t\t\t\t\t\t\t\t\t<\/div>\n\t\t\t\t\t<\/div>\n\t\t\t\t\t\t\t\t\t<div class=\"elementor-grid-item\">\n\t\t\t\t\t\t<div class=\"elementor-share-btn elementor-share-btn_whatsapp\">\n\t\t\t\t\t\t\t\t\t\t\t\t\t\t\t<span class=\"elementor-share-btn__icon\">\n\t\t\t\t\t\t\t\t<i class=\"fab fa-whatsapp\" aria-hidden=\"true\"><\/i>\t\t\t\t\t\t\t\t<span\n\t\t\t\t\t\t\t\t\tclass=\"elementor-screen-only\">Share on whatsapp<\/span>\n\t\t\t\t\t\t\t<\/span>\n\t\t\t\t\t\t\t\t\t\t\t\t\t\t\t\t\t\t\t\t<\/div>\n\t\t\t\t\t<\/div>\n\t\t\t\t\t\t\t\t\t<div class=\"elementor-grid-item\">\n\t\t\t\t\t\t<div class=\"elementor-share-btn elementor-share-btn_email\">\n\t\t\t\t\t\t\t\t\t\t\t\t\t\t\t<span class=\"elementor-share-btn__icon\">\n\t\t\t\t\t\t\t\t<i class=\"fas fa-envelope\" aria-hidden=\"true\"><\/i>\t\t\t\t\t\t\t\t<span\n\t\t\t\t\t\t\t\t\tclass=\"elementor-screen-only\">Share on email<\/span>\n\t\t\t\t\t\t\t<\/span>\n\t\t\t\t\t\t\t\t\t\t\t\t\t\t\t\t\t\t\t\t<\/div>\n\t\t\t\t\t<\/div>\n\t\t\t\t\t\t<\/div>\n\t\t\t\t<\/div>\n\t\t\t\t<\/div>\n\t\t\t\t\t\t<\/div>\n\t\t\t\t\t<\/div>\n\t\t<\/div>\n\t\t\t\t\t\t\t\t<\/div>\n\t\t\t\t\t<\/div>\n\t\t<\/section>\n\t\t\t\t\t\t<\/div>\n\t\t\t\t\t\t<\/div>\n\t\t\t\t\t<\/div>\n\t\t","protected":false},"excerpt":{"rendered":"<p>Can Lluc Boutique Country Hotel &amp; Villas, el hotel rural m\u00e1s emblem\u00e1tico de Ibiza, te invita a celebrar el amor es una estancia de la que no querr\u00e1s salir en todo el fin de semana. La suite Deluxe de Can Lluc Country Hotel &amp; Villas mide 180 metros cuadrados y cuenta con una preciosa piscina &#8230; <a title=\"San Valent\u00edn en una villa con piscina (climatizada)\" class=\"read-more\" href=\"https:\/\/www.canlluc.com\/blog\/san-valentin-en-una-villa-con-piscina-climatizada\/\" aria-label=\"M\u00e1s en San Valent\u00edn en una villa con piscina (climatizada)\">Leer m\u00e1s<\/a><\/p>\n","protected":false},"author":2,"featured_media":7020,"comment_status":"open","ping_status":"open","sticky":false,"template":"","format":"standard","meta":[],"categories":[142],"tags":[],"yoast_head":"<!-- This site is optimized with the Yoast SEO plugin v15.2.1 - https:\/\/yoast.com\/wordpress\/plugins\/seo\/ -->\n<title>San Valent\u00edn en una Villa con piscina (climatizada) - Can Lluc | Blog<\/title>\n<meta name=\"description\" content=\"El hotel rural m\u00e1s emblem\u00e1tico de Ibiza, te invita a celebrar el amor es una estancia de la que no querr\u00e1s salir en todo el fin de semana\" \/>\n<meta name=\"robots\" content=\"noindex, nofollow\" \/>\n<meta property=\"og:locale\" content=\"es_ES\" \/>\n<meta property=\"og:type\" content=\"article\" \/>\n<meta property=\"og:title\" content=\"San Valent\u00edn en una Villa con piscina (climatizada) - Can Lluc | Blog\" \/>\n<meta property=\"og:description\" content=\"El hotel rural m\u00e1s emblem\u00e1tico de Ibiza, te invita a celebrar el amor es una estancia de la que no querr\u00e1s salir en todo el fin de semana\" \/>\n<meta property=\"og:url\" content=\"https:\/\/www.canlluc.com\/blog\/san-valentin-en-una-villa-con-piscina-climatizada\/\" \/>\n<meta property=\"og:site_name\" content=\"Can Lluc | Blog\" \/>\n<meta property=\"article:published_time\" content=\"2025-01-14T09:40:58+00:00\" \/>\n<meta property=\"article:modified_time\" content=\"2025-01-30T11:56:32+00:00\" \/>\n<meta property=\"og:image\" content=\"https:\/\/www.canlluc.com\/blog\/wp-content\/uploads\/2024\/06\/53128713948_af0ca70c7c_o-1.png\" \/>\n\t<meta property=\"og:image:width\" content=\"1920\" \/>\n\t<meta property=\"og:image:height\" content=\"1281\" \/>\n<meta name=\"twitter:card\" content=\"summary\" \/>\n<meta name=\"twitter:label1\" content=\"Escrito por\">\n\t<meta name=\"twitter:data1\" content=\"Can Lluc\">\n\t<meta name=\"twitter:label2\" content=\"Tiempo de lectura\">\n\t<meta name=\"twitter:data2\" content=\"3 minutos\">\n<script type=\"application\/ld+json\" class=\"yoast-schema-graph\">{\"@context\":\"https:\/\/schema.org\",\"@graph\":[{\"@type\":\"WebSite\",\"@id\":\"https:\/\/www.canlluc.com\/blog\/#website\",\"url\":\"https:\/\/www.canlluc.com\/blog\/\",\"name\":\"Can Lluc | Blog\",\"description\":\"Historias mediterr\\u00e1neas, calma junto al mar y experiencias en Ibiza\",\"potentialAction\":[{\"@type\":\"SearchAction\",\"target\":\"https:\/\/www.canlluc.com\/blog\/?s={search_term_string}\",\"query-input\":\"required name=search_term_string\"}],\"inLanguage\":\"es\"},{\"@type\":\"ImageObject\",\"@id\":\"https:\/\/www.canlluc.com\/blog\/san-valentin-en-una-villa-con-piscina-climatizada\/#primaryimage\",\"inLanguage\":\"es\",\"url\":\"https:\/\/www.canlluc.com\/blog\/wp-content\/uploads\/2024\/06\/53128713948_af0ca70c7c_o-1.png\",\"width\":1920,\"height\":1281,\"caption\":\"villa con piscina privada ibiza\"},{\"@type\":\"WebPage\",\"@id\":\"https:\/\/www.canlluc.com\/blog\/san-valentin-en-una-villa-con-piscina-climatizada\/#webpage\",\"url\":\"https:\/\/www.canlluc.com\/blog\/san-valentin-en-una-villa-con-piscina-climatizada\/\",\"name\":\"San Valent\\u00edn en una Villa con piscina (climatizada) - Can Lluc | Blog\",\"isPartOf\":{\"@id\":\"https:\/\/www.canlluc.com\/blog\/#website\"},\"primaryImageOfPage\":{\"@id\":\"https:\/\/www.canlluc.com\/blog\/san-valentin-en-una-villa-con-piscina-climatizada\/#primaryimage\"},\"datePublished\":\"2025-01-14T09:40:58+00:00\",\"dateModified\":\"2025-01-30T11:56:32+00:00\",\"author\":{\"@id\":\"https:\/\/www.canlluc.com\/blog\/#\/schema\/person\/d1f0ed1fabfe2418dbb130903246f8f4\"},\"description\":\"El hotel rural m\\u00e1s emblem\\u00e1tico de Ibiza, te invita a celebrar el amor es una estancia de la que no querr\\u00e1s salir en todo el fin de semana\",\"breadcrumb\":{\"@id\":\"https:\/\/www.canlluc.com\/blog\/san-valentin-en-una-villa-con-piscina-climatizada\/#breadcrumb\"},\"inLanguage\":\"es\",\"potentialAction\":[{\"@type\":\"ReadAction\",\"target\":[\"https:\/\/www.canlluc.com\/blog\/san-valentin-en-una-villa-con-piscina-climatizada\/\"]}]},{\"@type\":\"BreadcrumbList\",\"@id\":\"https:\/\/www.canlluc.com\/blog\/san-valentin-en-una-villa-con-piscina-climatizada\/#breadcrumb\",\"itemListElement\":[{\"@type\":\"ListItem\",\"position\":1,\"item\":{\"@type\":\"WebPage\",\"@id\":\"https:\/\/www.canlluc.com\/blog\/\",\"url\":\"https:\/\/www.canlluc.com\/blog\/\",\"name\":\"Home\"}},{\"@type\":\"ListItem\",\"position\":2,\"item\":{\"@type\":\"WebPage\",\"@id\":\"https:\/\/www.canlluc.com\/blog\/san-valentin-en-una-villa-con-piscina-climatizada\/\",\"url\":\"https:\/\/www.canlluc.com\/blog\/san-valentin-en-una-villa-con-piscina-climatizada\/\",\"name\":\"San Valent\\u00edn en una villa con piscina (climatizada)\"}}]},{\"@type\":\"Person\",\"@id\":\"https:\/\/www.canlluc.com\/blog\/#\/schema\/person\/d1f0ed1fabfe2418dbb130903246f8f4\",\"name\":\"Can Lluc\",\"image\":{\"@type\":\"ImageObject\",\"@id\":\"https:\/\/www.canlluc.com\/blog\/#personlogo\",\"inLanguage\":\"es\",\"url\":\"https:\/\/secure.gravatar.com\/avatar\/6d6f4ca47e6f2202cafd25ec9fb69261?s=96&d=mm&r=g\",\"caption\":\"Can Lluc\"},\"sameAs\":[\"https:\/\/www.canlluc.com\"]}]}<\/script>\n<!-- \/ Yoast SEO plugin. -->","_links":{"self":[{"href":"https:\/\/www.canlluc.com\/blog\/wp-json\/wp\/v2\/posts\/7607"}],"collection":[{"href":"https:\/\/www.canlluc.com\/blog\/wp-json\/wp\/v2\/posts"}],"about":[{"href":"https:\/\/www.canlluc.com\/blog\/wp-json\/wp\/v2\/types\/post"}],"author":[{"embeddable":true,"href":"https:\/\/www.canlluc.com\/blog\/wp-json\/wp\/v2\/users\/2"}],"replies":[{"embeddable":true,"href":"https:\/\/www.canlluc.com\/blog\/wp-json\/wp\/v2\/comments?post=7607"}],"version-history":[{"count":17,"href":"https:\/\/www.canlluc.com\/blog\/wp-json\/wp\/v2\/posts\/7607\/revisions"}],"predecessor-version":[{"id":8922,"href":"https:\/\/www.canlluc.com\/blog\/wp-json\/wp\/v2\/posts\/7607\/revisions\/8922"}],"wp:featuredmedia":[{"embeddable":true,"href":"https:\/\/www.canlluc.com\/blog\/wp-json\/wp\/v2\/media\/7020"}],"wp:attachment":[{"href":"https:\/\/www.canlluc.com\/blog\/wp-json\/wp\/v2\/media?parent=7607"}],"wp:term":[{"taxonomy":"category","embeddable":true,"href":"https:\/\/www.canlluc.com\/blog\/wp-json\/wp\/v2\/categories?post=7607"},{"taxonomy":"post_tag","embeddable":true,"href":"https:\/\/www.canlluc.com\/blog\/wp-json\/wp\/v2\/tags?post=7607"}],"curies":[{"name":"wp","href":"https:\/\/api.w.org\/{rel}","templated":true}]}}