{"id":7470,"date":"2024-11-26T13:22:11","date_gmt":"2024-11-26T12:22:11","guid":{"rendered":"https:\/\/www.canlluc.com\/blog\/?p=7470"},"modified":"2025-01-30T12:56:44","modified_gmt":"2025-01-30T11:56:44","slug":"puente-de-diciembre-en-ibiza","status":"publish","type":"post","link":"https:\/\/www.canlluc.com\/blog\/puente-de-diciembre-en-ibiza\/","title":{"rendered":"Puente de diciembre en Ibiza"},"content":{"rendered":"\t\t<div data-elementor-type=\"wp-post\" data-elementor-id=\"7470\" class=\"elementor elementor-7470\" data-elementor-settings=\"[]\">\n\t\t\t\t\t\t<div class=\"elementor-inner\">\n\t\t\t\t\t\t\t<div class=\"elementor-section-wrap\">\n\t\t\t\t\t\t\t<section class=\"elementor-section elementor-top-section elementor-element elementor-element-4170883 elementor-section-boxed elementor-section-height-default elementor-section-height-default\" data-id=\"4170883\" data-element_type=\"section\">\n\t\t\t\t\t\t<div class=\"elementor-container elementor-column-gap-default\">\n\t\t\t\t\t\t\t<div class=\"elementor-row\">\n\t\t\t\t\t<div class=\"elementor-column elementor-col-100 elementor-top-column elementor-element elementor-element-4b2274c1\" data-id=\"4b2274c1\" data-element_type=\"column\">\n\t\t\t<div class=\"elementor-column-wrap elementor-element-populated\">\n\t\t\t\t\t\t\t<div class=\"elementor-widget-wrap\">\n\t\t\t\t\t\t<div class=\"elementor-element elementor-element-109f42e9 elementor-widget elementor-widget-text-editor\" data-id=\"109f42e9\" data-element_type=\"widget\" data-widget_type=\"text-editor.default\">\n\t\t\t\t<div class=\"elementor-widget-container\">\n\t\t\t\t\t\t\t\t<div class=\"elementor-text-editor elementor-clearfix\">\n\t\t\t\t<p><strong>Esc\u00e1pate unos d\u00edas antes y participa en el gran evento de celebraci\u00f3n del 25 aniversario de la declaraci\u00f3n de Dalt Vila como Patrimonio de la Humanidad de la UNESCO, que tendr\u00e1 lugar el 4 de diciembre<\/strong><\/p><p><em>El 4 de diciembre de 1999 el recinto fortificado de Dalt Vila (Ibiza), junto a la necr\u00f3polis fenicio-p\u00fanica de Puig des Molins, el asentamiento fenicio de Sa Caleta y la posidonia oce\u00e1nica, fueron declarados Patrimonio de la Humanidad por la UNESCO<\/em><\/p>\t\t\t\t\t<\/div>\n\t\t\t\t\t\t<\/div>\n\t\t\t\t<\/div>\n\t\t\t\t\t\t<\/div>\n\t\t\t\t\t<\/div>\n\t\t<\/div>\n\t\t\t\t\t\t\t\t<\/div>\n\t\t\t\t\t<\/div>\n\t\t<\/section>\n\t\t\t\t<section class=\"elementor-section elementor-top-section elementor-element elementor-element-429c617 elementor-section-boxed elementor-section-height-default elementor-section-height-default\" data-id=\"429c617\" data-element_type=\"section\">\n\t\t\t\t\t\t<div class=\"elementor-container elementor-column-gap-default\">\n\t\t\t\t\t\t\t<div class=\"elementor-row\">\n\t\t\t\t\t<div class=\"elementor-column elementor-col-100 elementor-top-column elementor-element elementor-element-0838d83\" data-id=\"0838d83\" data-element_type=\"column\">\n\t\t\t<div class=\"elementor-column-wrap elementor-element-populated\">\n\t\t\t\t\t\t\t<div class=\"elementor-widget-wrap\">\n\t\t\t\t\t\t<div class=\"elementor-element elementor-element-7992866 elementor-widget elementor-widget-text-editor\" data-id=\"7992866\" data-element_type=\"widget\" data-widget_type=\"text-editor.default\">\n\t\t\t\t<div class=\"elementor-widget-container\">\n\t\t\t\t\t\t\t\t<div class=\"elementor-text-editor elementor-clearfix\">\n\t\t\t\t<table class=\"mcnTextBlock\" border=\"0\" width=\"100%\" cellspacing=\"0\" cellpadding=\"0\"><tbody class=\"mcnTextBlockOuter\"><tr><td class=\"mcnTextBlockInner\" valign=\"top\"><table class=\"mcnTextContentContainer\" border=\"0\" width=\"100%\" cellspacing=\"0\" cellpadding=\"0\" align=\"left\"><tbody><tr><td class=\"mcnTextContent\" valign=\"top\"><p><strong>A 26\u00a0de noviembre\u00a0de 2024.<\/strong>\u00a0Lejos de quedarse vac\u00eda, Ibiza sigue teniendo mucha vida en invierno. De hecho, uno de los acontecimientos m\u00e1s importantes de la ciudad tendr\u00e1 lugar el pr\u00f3ximo 4 de diciembre, justo antes del Puente de Diciembre.<br \/><br \/>En esa fecha se celebrar\u00e1 el 25 aniversario de la declaraci\u00f3n de Dalt Vila como Patrimonio de la Humanidad por la UNESCO. Un honor que este espectacular recinto fortificado comparte con otras preciosas zonas de la isla como son la necr\u00f3polis fenicio-p\u00fanica de Puig des Molins, el asentamiento fenicio de Sa Caleta y la posidonia oce\u00e1nica.<br \/><br \/>Adem\u00e1s de distintas actividades como actos institucionales, visitas guiadas y conciertos; un espect\u00e1culo de luz realizado con drones pondr\u00e1 punto final a un a\u00f1o de festejos iluminando esta joya arquitect\u00f3nica renacentista, que fue mandada construir por el Rey Felipe II en el siglo XVI.<br \/><br \/>Si buscas ideas para escaparte el Puente de Diciembre, an\u00edmate a visitar Ibiza y disfruta de su relativa calma invernal.<br \/><br \/>Podr\u00e1s visitar rincones paradis\u00edacos como Es Vedr\u00e1 y Cala D\u2019Hort sin gente; recorrer lugares de gran riqueza natural como el Parque Natural de Ses Salines, disfrutando del vaiv\u00e9n de los flamencos que hacen escala en \u00e9l durante sus migraciones; acudir a alguno de los muchos espect\u00e1culos que alberga el reci\u00e9n renovado Teatro Pereyra, que se ha convertido en el place to be de la capital para residentes y for\u00e1neos; comer o cenar como un local en alguno de los pueblos del interior como Santa Gertrudis, que en los \u00faltimos a\u00f1os se ha llenado de n\u00f3madas digitales de lo m\u00e1s cosmopolitas; o visitar los preciosos museos que alberga precisamente Dalt Vila, cuya entrada es gratuita.<\/p><\/td><\/tr><\/tbody><\/table><\/td><\/tr><\/tbody><\/table><table class=\"mcnTextBlock\" border=\"0\" width=\"100%\" cellspacing=\"0\" cellpadding=\"0\"><tbody class=\"mcnTextBlockOuter\"><tr><td class=\"mcnTextBlockInner\" valign=\"top\"><table class=\"mcnTextContentContainer\" border=\"0\" width=\"100%\" cellspacing=\"0\" cellpadding=\"0\" align=\"left\"><tbody><tr><td class=\"mcnTextContent\" valign=\"top\"><div><u><strong>Can Lluc Boutique Country Hotel &amp; Villas, tu refugio ibicenco en invierno:<\/strong><\/u><\/div><\/td><\/tr><\/tbody><\/table><\/td><\/tr><\/tbody><\/table><table class=\"mcnTextBlock\" border=\"0\" width=\"100%\" cellspacing=\"0\" cellpadding=\"0\"><tbody class=\"mcnTextBlockOuter\"><tr><td class=\"mcnTextBlockInner\" valign=\"top\"><table class=\"mcnTextContentContainer\" border=\"0\" width=\"100%\" cellspacing=\"0\" cellpadding=\"0\" align=\"left\"><tbody><tr><td class=\"mcnTextContent\" valign=\"top\"><div>Otra de las ventajas de visitar Ibiza en invierno es que no tendr\u00e1s problema con el alojamiento, ya que hay hoteles tan emblem\u00e1ticos como Can Lluc Country Hotel &amp; Villas que este a\u00f1o han decidido permanecer abiertos.<br \/><br \/>Se trata de uno de los primeros hoteles rurales de la isla, que abri\u00f3 sus puertas en 2003 en una finca con m\u00e1s de 300 a\u00f1os de antig\u00fcedad. Su ubicaci\u00f3n muy cerca del pueblo de San Rafael facilita el r\u00e1pido acceso tanto a la ciudad de Ibiza, como al resto de los atractivos tur\u00edsticos de la isla.<br \/><br \/>Durante la temporada baja Can Lluc Country Hotel &amp; Villas mantiene abiertas las 14 villas que tiene este complejo de 25 habitaciones. Algunas de ellas cuentan con chimenea y disponen de cocina. Bajo petici\u00f3n y sujeto a disponibilidad, el hotel ofrece el servicio de desayuno continental y puede reservar actividades adicionales como masajes en su centro wellness, clases de yoga particulares y la contrataci\u00f3n de chefs privados, entre otros.<\/div><\/td><\/tr><\/tbody><\/table><\/td><\/tr><\/tbody><\/table><table class=\"mcnTextBlock\" border=\"0\" width=\"100%\" cellspacing=\"0\" cellpadding=\"0\"><tbody class=\"mcnTextBlockOuter\"><tr><td class=\"mcnTextBlockInner\" valign=\"top\"><table class=\"mcnTextContentContainer\" border=\"0\" width=\"100%\" cellspacing=\"0\" cellpadding=\"0\" align=\"left\"><tbody><tr><td class=\"mcnTextContent\" valign=\"top\"><div><u><strong>Iberia Express mantiene los vuelos a la isla durante el invierno:<\/strong><\/u><\/div><\/td><\/tr><\/tbody><\/table><\/td><\/tr><\/tbody><\/table><table class=\"mcnTextBlock\" border=\"0\" width=\"100%\" cellspacing=\"0\" cellpadding=\"0\"><tbody class=\"mcnTextBlockOuter\"><tr><td class=\"mcnTextBlockInner\" valign=\"top\"><table class=\"mcnTextContentContainer\" border=\"0\" width=\"100%\" cellspacing=\"0\" cellpadding=\"0\" align=\"left\"><tbody><tr><td class=\"mcnTextContent\" valign=\"top\"><div>Otra de las ventajas para animarse a viajar a Ibiza en invierno es que aerol\u00edneas como Iberia Express han querido contribuir a desestacionalizar el turismo hacia la isla, manteniendo sus frecuencias durante la temporada baja. As\u00ed, la compa\u00f1\u00eda ofrece hasta cuatro vuelos diarios entre Madrid e Ibiza, y a precios muy competitivos, desde 25 euros por trayecto comprando ida y vuelta a trav\u00e9s de www.iberiaexpress.com y para miembros del Club Express.<\/div><\/td><\/tr><\/tbody><\/table><\/td><\/tr><\/tbody><\/table>\t\t\t\t\t<\/div>\n\t\t\t\t\t\t<\/div>\n\t\t\t\t<\/div>\n\t\t\t\t\t\t<\/div>\n\t\t\t\t\t<\/div>\n\t\t<\/div>\n\t\t\t\t\t\t\t\t<\/div>\n\t\t\t\t\t<\/div>\n\t\t<\/section>\n\t\t\t\t<section class=\"elementor-section elementor-top-section elementor-element elementor-element-756181f elementor-section-boxed elementor-section-height-default elementor-section-height-default\" data-id=\"756181f\" data-element_type=\"section\">\n\t\t\t\t\t\t<div class=\"elementor-container elementor-column-gap-default\">\n\t\t\t\t\t\t\t<div class=\"elementor-row\">\n\t\t\t\t\t<div class=\"elementor-column elementor-col-100 elementor-top-column elementor-element elementor-element-7dbc51e\" data-id=\"7dbc51e\" data-element_type=\"column\">\n\t\t\t<div class=\"elementor-column-wrap elementor-element-populated\">\n\t\t\t\t\t\t\t<div class=\"elementor-widget-wrap\">\n\t\t\t\t\t\t<div class=\"elementor-element elementor-element-c069a39 elementor-widget elementor-widget-text-editor\" data-id=\"c069a39\" data-element_type=\"widget\" data-widget_type=\"text-editor.default\">\n\t\t\t\t<div class=\"elementor-widget-container\">\n\t\t\t\t\t\t\t\t<div class=\"elementor-text-editor elementor-clearfix\">\n\t\t\t\t<p><strong>DISFRUTA DEL PUENTE DE DICIEMBRE EN IBIZA<\/strong><br \/><br \/>Con motivo de la celebraci\u00f3n del 25 aniversario de la declaraci\u00f3n de Dalt Vila como Patrimonio de la Humanidad por la UNESCO<br \/><br \/>En\u00a0<a href=\"https:\/\/www.canlluc.com\/\" target=\"_blank\" rel=\"noopener\">Can Lluc Country Hotel &amp; Villas<\/a><br \/><br \/>Alojamiento en villa para 4 personas desde 381 euros la noche Desayuno continental bajo reserva y sujeto a disponibilidad Estancia m\u00ednima: 4 noches<br \/><br \/>Para m\u00e1s informaci\u00f3n y reservas\u00a0<a href=\"https:\/\/www.canlluc.com\/\" target=\"_blank\" rel=\"noopener\">aqu\u00ed<\/a>. Video\u00a0<a href=\"https:\/\/www.youtube.com\/watch?v=1v3UtoqAPwo&amp;ab_channel=CanLlucBoutiqueHotel%26Villas\" target=\"_blank\" rel=\"noopener\">aqu\u00ed<\/a>.<br \/><br \/><strong>Nota<\/strong>: desde noviembre a marzo, el hotel permanece abierto ofreciendo estancias en sus habitaciones con cocina o kitchenette, y en r\u00e9gimen de s\u00f3lo alojamiento<\/p>\t\t\t\t\t<\/div>\n\t\t\t\t\t\t<\/div>\n\t\t\t\t<\/div>\n\t\t\t\t\t\t<\/div>\n\t\t\t\t\t<\/div>\n\t\t<\/div>\n\t\t\t\t\t\t\t\t<\/div>\n\t\t\t\t\t<\/div>\n\t\t<\/section>\n\t\t\t\t<section class=\"elementor-section elementor-top-section elementor-element elementor-element-e76496b elementor-section-boxed elementor-section-height-default elementor-section-height-default\" data-id=\"e76496b\" data-element_type=\"section\">\n\t\t\t\t\t\t<div class=\"elementor-container elementor-column-gap-default\">\n\t\t\t\t\t\t\t<div class=\"elementor-row\">\n\t\t\t\t\t<div class=\"elementor-column elementor-col-100 elementor-top-column elementor-element elementor-element-994d1f7\" data-id=\"994d1f7\" data-element_type=\"column\">\n\t\t\t<div class=\"elementor-column-wrap elementor-element-populated\">\n\t\t\t\t\t\t\t<div class=\"elementor-widget-wrap\">\n\t\t\t\t\t\t<div class=\"elementor-element elementor-element-628de83 elementor-widget elementor-widget-text-editor\" data-id=\"628de83\" data-element_type=\"widget\" data-widget_type=\"text-editor.default\">\n\t\t\t\t<div class=\"elementor-widget-container\">\n\t\t\t\t\t\t\t\t<div class=\"elementor-text-editor elementor-clearfix\">\n\t\t\t\t<table class=\"mcnTextBlock\" border=\"0\" width=\"100%\" cellspacing=\"0\" cellpadding=\"0\"><tbody class=\"mcnTextBlockOuter\"><tr><td class=\"mcnTextBlockInner\" valign=\"top\"><table class=\"mcnTextContentContainer\" border=\"0\" width=\"100%\" cellspacing=\"0\" cellpadding=\"0\" align=\"left\"><tbody><tr><td class=\"mcnTextContent\" valign=\"top\"><div><u><strong>Acerca de Dalt Vila, una joya renacentista:<\/strong><\/u><\/div><\/td><\/tr><\/tbody><\/table><\/td><\/tr><\/tbody><\/table><table class=\"mcnTextBlock\" border=\"0\" width=\"100%\" cellspacing=\"0\" cellpadding=\"0\"><tbody class=\"mcnTextBlockOuter\"><tr><td class=\"mcnTextBlockInner\" valign=\"top\"><table class=\"mcnTextContentContainer\" border=\"0\" width=\"100%\" cellspacing=\"0\" cellpadding=\"0\" align=\"left\"><tbody><tr><td class=\"mcnTextContent\" valign=\"top\">El recinto fortificado de Dalt Vila fue construido en el siglo XVI bajo el reinado de Felipe II. Dise\u00f1ado inicialmente por el ingeniero italiano Giovanni Battista Calvi, y ampliado posteriormente por Jacobo Paleazzo Fratin, Dalt Vila es un ejemplo excepcional de las t\u00e9cnicas constructivas renacentistas aplicadas a la defensa. El recinto, declarado Patrimonio de la Humanidad por la Unesco el 4 de diciembre de 1999, conserva su trazado original, con el que fue concebido como uno de los baluartes m\u00e1s avanzados del Mediterr\u00e1neo Occidental en su \u00e9poca. El ayuntamiento de Ibiza organiza visitas teatralizadas a Dalt Vila para que grandes y peque\u00f1os puedan conocer su m\u00edtico pasado. Para m\u00e1s informaci\u00f3n y reservas\u00a0<a href=\"https:\/\/www.eivissa.es\/portal\/index.php\/es\/agenda-de-actividades\/turismo\/683-visitas-teatralizadas-a-dalt-vila\" target=\"_blank\" rel=\"noopener\">aqu\u00ed<\/a>.<\/td><\/tr><\/tbody><\/table><\/td><\/tr><\/tbody><\/table>\t\t\t\t\t<\/div>\n\t\t\t\t\t\t<\/div>\n\t\t\t\t<\/div>\n\t\t\t\t\t\t<\/div>\n\t\t\t\t\t<\/div>\n\t\t<\/div>\n\t\t\t\t\t\t\t\t<\/div>\n\t\t\t\t\t<\/div>\n\t\t<\/section>\n\t\t\t\t<section class=\"elementor-section elementor-top-section elementor-element elementor-element-11ef3fd elementor-section-boxed elementor-section-height-default elementor-section-height-default\" data-id=\"11ef3fd\" data-element_type=\"section\">\n\t\t\t\t\t\t<div class=\"elementor-container elementor-column-gap-default\">\n\t\t\t\t\t\t\t<div class=\"elementor-row\">\n\t\t\t\t\t<div class=\"elementor-column elementor-col-100 elementor-top-column elementor-element elementor-element-74e5b40\" data-id=\"74e5b40\" data-element_type=\"column\">\n\t\t\t<div class=\"elementor-column-wrap elementor-element-populated\">\n\t\t\t\t\t\t\t<div class=\"elementor-widget-wrap\">\n\t\t\t\t\t\t<div class=\"elementor-element elementor-element-7dd0303 elementor-widget elementor-widget-image\" data-id=\"7dd0303\" data-element_type=\"widget\" data-widget_type=\"image.default\">\n\t\t\t\t<div class=\"elementor-widget-container\">\n\t\t\t\t\t\t\t\t<div class=\"elementor-image\">\n\t\t\t\t\t\t\t\t\t\t\t\t<img decoding=\"async\" width=\"1024\" height=\"683\" src=\"https:\/\/www.canlluc.com\/blog\/wp-content\/uploads\/2024\/11\/VILLA-CAN-LLUC-WEB-14-1024x683.jpg\" class=\"attachment-large size-large\" alt=\"\" loading=\"lazy\" srcset=\"https:\/\/www.canlluc.com\/blog\/wp-content\/uploads\/2024\/11\/VILLA-CAN-LLUC-WEB-14-1024x683.jpg 1024w, https:\/\/www.canlluc.com\/blog\/wp-content\/uploads\/2024\/11\/VILLA-CAN-LLUC-WEB-14-300x200.jpg 300w, https:\/\/www.canlluc.com\/blog\/wp-content\/uploads\/2024\/11\/VILLA-CAN-LLUC-WEB-14-768x512.jpg 768w, https:\/\/www.canlluc.com\/blog\/wp-content\/uploads\/2024\/11\/VILLA-CAN-LLUC-WEB-14-1536x1025.jpg 1536w, https:\/\/www.canlluc.com\/blog\/wp-content\/uploads\/2024\/11\/VILLA-CAN-LLUC-WEB-14.jpg 2045w\" sizes=\"(max-width: 1024px) 100vw, 1024px\" \/>\t\t\t\t\t\t\t\t\t\t\t\t\t\t<\/div>\n\t\t\t\t\t\t<\/div>\n\t\t\t\t<\/div>\n\t\t\t\t\t\t<\/div>\n\t\t\t\t\t<\/div>\n\t\t<\/div>\n\t\t\t\t\t\t\t\t<\/div>\n\t\t\t\t\t<\/div>\n\t\t<\/section>\n\t\t\t\t<section class=\"elementor-section elementor-top-section elementor-element elementor-element-5eed8f6 elementor-section-boxed elementor-section-height-default elementor-section-height-default\" data-id=\"5eed8f6\" data-element_type=\"section\">\n\t\t\t\t\t\t<div class=\"elementor-container elementor-column-gap-default\">\n\t\t\t\t\t\t\t<div class=\"elementor-row\">\n\t\t\t\t\t<div class=\"elementor-column elementor-col-100 elementor-top-column elementor-element elementor-element-48d0229\" data-id=\"48d0229\" data-element_type=\"column\">\n\t\t\t<div class=\"elementor-column-wrap elementor-element-populated\">\n\t\t\t\t\t\t\t<div class=\"elementor-widget-wrap\">\n\t\t\t\t\t\t<div class=\"elementor-element elementor-element-34e4284 elementor-widget elementor-widget-text-editor\" data-id=\"34e4284\" data-element_type=\"widget\" data-widget_type=\"text-editor.default\">\n\t\t\t\t<div class=\"elementor-widget-container\">\n\t\t\t\t\t\t\t\t<div class=\"elementor-text-editor elementor-clearfix\">\n\t\t\t\t<p><em>Algunas de las villas de\u00a0<a href=\"https:\/\/www.canlluc.com\/\" target=\"_blank\" rel=\"noopener\">Can Lluc Boutique Country Hotel &amp; Villas<\/a>\u00a0cuentan con su propia chimenea.<\/em><\/p>\t\t\t\t\t<\/div>\n\t\t\t\t\t\t<\/div>\n\t\t\t\t<\/div>\n\t\t\t\t\t\t<\/div>\n\t\t\t\t\t<\/div>\n\t\t<\/div>\n\t\t\t\t\t\t\t\t<\/div>\n\t\t\t\t\t<\/div>\n\t\t<\/section>\n\t\t\t\t<section class=\"elementor-section elementor-top-section elementor-element elementor-element-244c32b elementor-section-boxed elementor-section-height-default elementor-section-height-default\" data-id=\"244c32b\" data-element_type=\"section\">\n\t\t\t\t\t\t<div class=\"elementor-container elementor-column-gap-default\">\n\t\t\t\t\t\t\t<div class=\"elementor-row\">\n\t\t\t\t\t<div class=\"elementor-column elementor-col-100 elementor-top-column elementor-element elementor-element-05d9b62\" data-id=\"05d9b62\" data-element_type=\"column\">\n\t\t\t<div class=\"elementor-column-wrap elementor-element-populated\">\n\t\t\t\t\t\t\t<div class=\"elementor-widget-wrap\">\n\t\t\t\t\t\t<div class=\"elementor-element elementor-element-2061d40 elementor-widget elementor-widget-text-editor\" data-id=\"2061d40\" data-element_type=\"widget\" data-widget_type=\"text-editor.default\">\n\t\t\t\t<div class=\"elementor-widget-container\">\n\t\t\t\t\t\t\t\t<div class=\"elementor-text-editor elementor-clearfix\">\n\t\t\t\t<table class=\"mcnTextBlock\" border=\"0\" width=\"100%\" cellspacing=\"0\" cellpadding=\"0\"><tbody class=\"mcnTextBlockOuter\"><tr><td class=\"mcnTextBlockInner\" valign=\"top\"><table class=\"mcnTextContentContainer\" border=\"0\" width=\"100%\" cellspacing=\"0\" cellpadding=\"0\" align=\"left\"><tbody><tr><td class=\"mcnTextContent\" valign=\"top\"><div><u><strong>Acerca de Can Lluc Boutique Country Hotel &amp; Villas<\/strong><\/u><\/div><\/td><\/tr><\/tbody><\/table><\/td><\/tr><\/tbody><\/table><table class=\"mcnTextBlock\" border=\"0\" width=\"100%\" cellspacing=\"0\" cellpadding=\"0\"><tbody class=\"mcnTextBlockOuter\"><tr><td class=\"mcnTextBlockInner\" valign=\"top\"><table class=\"mcnTextContentContainer\" border=\"0\" width=\"100%\" cellspacing=\"0\" cellpadding=\"0\" align=\"left\"><tbody><tr><td class=\"mcnTextContent\" valign=\"top\"><div><p><a href=\"https:\/\/www.canlluc.com\/\" target=\"_blank\" rel=\"noopener\">Can Lluc Boutique Country Hotel &amp; Villas<\/a>\u00a0es un precioso hotel boutique de 25 habitaciones (de las cuales 14 son villas privadas), que abri\u00f3 sus puertas en 2003 en una antigua finca de labranza con m\u00e1s de 300 a\u00f1os de historia. Un proyecto familiar de Tina Soriano y Lucas Prats, que buscaba rendir homenaje al abuelo de este \u00faltimo, Jos\u00e9 Prats Costa, creando un hotel que mostrase la Ibiza m\u00e1s aut\u00e9ntica. Una Ibiza rural que conecta con el mar a trav\u00e9s de las vistas de su mirador, y de su cercan\u00eda a la Bah\u00eda de San Antonio; y que invita a disfrutar del Mediterr\u00e1neo desprendiendo aromas inconfundibles a pino, higuera y jazm\u00edn.<\/p><p>Can Lluc Country Hotel &amp; Villas fue remodelado por el arquitecto ibicenco Jos\u00e9 Torres, quien durante 3 a\u00f1os rehabilit\u00f3 la antigua casa de labranza y convirti\u00f3 zonas d\u00f3nde se criaban gallinas, palomas y mulas en sofisticadas habitaciones que mantienen el estilo art\u00edstico pitiuso.<\/p><p>El proyecto de interiorismo inicial corri\u00f3 a cargo del estudio de decoraci\u00f3n Aixut Alvarado, mientras que \u00e9ste fue culminado por los interioristas de Farr\u00e9 &amp; Costa. Adem\u00e1s, el restaurador Jos\u00e9 Mar\u00eda Velasco se hizo cargo de la rehabilitaci\u00f3n de parte del mobiliario existente como ba\u00fales, paseos, aperos de labranza, puertas y ventanas.<\/p><p>Por \u00faltimo, cabe destacar la preservaci\u00f3n en su interior de cuadros de pintores locales conocidos como Pomar, Marta Torres o Ferrer Guasch, entre otros artistas.<\/p><p>Adem\u00e1s de 11 habitaciones construidas en el edificio principal, Can Lluc cuenta con 14 villas privadas, algunas de las cuales est\u00e1n dotadas de una piscina privada infinity que regala a sus moradores los mejores atardeceres ibicencos.<\/p><p>Otro de los aspectos diferenciales de Can Lluc es su capacidad para combinar rom\u00e1nticas estancias de parejas con divertidas vacaciones familiares.<\/p><p>La amplitud del recinto hace posible que cada cliente encuentre lo que busca, relaj\u00e1ndose en su piscina de dise\u00f1o con cascada, tomando un c\u00f3ctel en su propio bar chiringuito o en las camas balinesas del solarium, realizando actividades de bienestar como yoga, gozando de masajes inolvidables en su zona wellness, divirti\u00e9ndose en el parque infantil, degustando exquisita gastronom\u00eda local en su restaurante km0 o acudiendo a los principales atractivos tur\u00edsticos de la isla, muchos de los cuales distan a menos de 20 minutos de Can Lluc.<\/p><p>Con el fin de respetar el entorno natural en el que est\u00e1 ubicado, Can Lluc Country Hotel &amp; Villas ha apostado desde su apertura por la gesti\u00f3n sostenible del complejo, y por una propuesta que invita a reconectar con uno mismo en un lugar m\u00e1gico como la isla de Ibiza.<\/p><\/div><\/td><\/tr><\/tbody><\/table><\/td><\/tr><\/tbody><\/table>\t\t\t\t\t<\/div>\n\t\t\t\t\t\t<\/div>\n\t\t\t\t<\/div>\n\t\t\t\t\t\t<\/div>\n\t\t\t\t\t<\/div>\n\t\t<\/div>\n\t\t\t\t\t\t\t\t<\/div>\n\t\t\t\t\t<\/div>\n\t\t<\/section>\n\t\t\t\t<section class=\"elementor-section elementor-top-section elementor-element elementor-element-d61591e elementor-section-boxed elementor-section-height-default elementor-section-height-default\" data-id=\"d61591e\" data-element_type=\"section\">\n\t\t\t\t\t\t<div class=\"elementor-container elementor-column-gap-default\">\n\t\t\t\t\t\t\t<div class=\"elementor-row\">\n\t\t\t\t\t<div class=\"elementor-column elementor-col-100 elementor-top-column elementor-element elementor-element-5ca4975\" data-id=\"5ca4975\" data-element_type=\"column\">\n\t\t\t<div class=\"elementor-column-wrap elementor-element-populated\">\n\t\t\t\t\t\t\t<div class=\"elementor-widget-wrap\">\n\t\t\t\t\t\t<div class=\"elementor-element elementor-element-fd6726e elementor-share-buttons--view-icon elementor-share-buttons--align-center elementor-share-buttons--skin-gradient elementor-share-buttons--shape-square elementor-grid-0 elementor-share-buttons--color-official elementor-widget elementor-widget-share-buttons\" data-id=\"fd6726e\" data-element_type=\"widget\" data-widget_type=\"share-buttons.default\">\n\t\t\t\t<div class=\"elementor-widget-container\">\n\t\t\t\t\t<div class=\"elementor-grid\">\n\t\t\t\t\t\t\t\t<div class=\"elementor-grid-item\">\n\t\t\t\t\t\t<div class=\"elementor-share-btn elementor-share-btn_facebook\">\n\t\t\t\t\t\t\t\t\t\t\t\t\t\t\t<span class=\"elementor-share-btn__icon\">\n\t\t\t\t\t\t\t\t<i class=\"fab fa-facebook\" aria-hidden=\"true\"><\/i>\t\t\t\t\t\t\t\t<span\n\t\t\t\t\t\t\t\t\tclass=\"elementor-screen-only\">Share on facebook<\/span>\n\t\t\t\t\t\t\t<\/span>\n\t\t\t\t\t\t\t\t\t\t\t\t\t\t\t\t\t\t\t\t<\/div>\n\t\t\t\t\t<\/div>\n\t\t\t\t\t\t\t\t\t<div class=\"elementor-grid-item\">\n\t\t\t\t\t\t<div class=\"elementor-share-btn elementor-share-btn_linkedin\">\n\t\t\t\t\t\t\t\t\t\t\t\t\t\t\t<span class=\"elementor-share-btn__icon\">\n\t\t\t\t\t\t\t\t<i class=\"fab fa-linkedin\" aria-hidden=\"true\"><\/i>\t\t\t\t\t\t\t\t<span\n\t\t\t\t\t\t\t\t\tclass=\"elementor-screen-only\">Share on linkedin<\/span>\n\t\t\t\t\t\t\t<\/span>\n\t\t\t\t\t\t\t\t\t\t\t\t\t\t\t\t\t\t\t\t<\/div>\n\t\t\t\t\t<\/div>\n\t\t\t\t\t\t\t\t\t<div class=\"elementor-grid-item\">\n\t\t\t\t\t\t<div class=\"elementor-share-btn elementor-share-btn_whatsapp\">\n\t\t\t\t\t\t\t\t\t\t\t\t\t\t\t<span class=\"elementor-share-btn__icon\">\n\t\t\t\t\t\t\t\t<i class=\"fab fa-whatsapp\" aria-hidden=\"true\"><\/i>\t\t\t\t\t\t\t\t<span\n\t\t\t\t\t\t\t\t\tclass=\"elementor-screen-only\">Share on whatsapp<\/span>\n\t\t\t\t\t\t\t<\/span>\n\t\t\t\t\t\t\t\t\t\t\t\t\t\t\t\t\t\t\t\t<\/div>\n\t\t\t\t\t<\/div>\n\t\t\t\t\t\t\t\t\t<div class=\"elementor-grid-item\">\n\t\t\t\t\t\t<div class=\"elementor-share-btn elementor-share-btn_email\">\n\t\t\t\t\t\t\t\t\t\t\t\t\t\t\t<span class=\"elementor-share-btn__icon\">\n\t\t\t\t\t\t\t\t<i class=\"fas fa-envelope\" aria-hidden=\"true\"><\/i>\t\t\t\t\t\t\t\t<span\n\t\t\t\t\t\t\t\t\tclass=\"elementor-screen-only\">Share on email<\/span>\n\t\t\t\t\t\t\t<\/span>\n\t\t\t\t\t\t\t\t\t\t\t\t\t\t\t\t\t\t\t\t<\/div>\n\t\t\t\t\t<\/div>\n\t\t\t\t\t\t<\/div>\n\t\t\t\t<\/div>\n\t\t\t\t<\/div>\n\t\t\t\t\t\t<\/div>\n\t\t\t\t\t<\/div>\n\t\t<\/div>\n\t\t\t\t\t\t\t\t<\/div>\n\t\t\t\t\t<\/div>\n\t\t<\/section>\n\t\t\t\t\t\t<\/div>\n\t\t\t\t\t\t<\/div>\n\t\t\t\t\t<\/div>\n\t\t","protected":false},"excerpt":{"rendered":"<p>Esc\u00e1pate unos d\u00edas antes y participa en el gran evento de celebraci\u00f3n del 25 aniversario de la declaraci\u00f3n de Dalt Vila como Patrimonio de la Humanidad de la UNESCO, que tendr\u00e1 lugar el 4 de diciembre El 4 de diciembre de 1999 el recinto fortificado de Dalt Vila (Ibiza), junto a la necr\u00f3polis fenicio-p\u00fanica de &#8230; <a title=\"Puente de diciembre en Ibiza\" class=\"read-more\" href=\"https:\/\/www.canlluc.com\/blog\/puente-de-diciembre-en-ibiza\/\" aria-label=\"M\u00e1s en Puente de diciembre en Ibiza\">Leer m\u00e1s<\/a><\/p>\n","protected":false},"author":2,"featured_media":7471,"comment_status":"open","ping_status":"open","sticky":false,"template":"","format":"standard","meta":[],"categories":[142],"tags":[],"yoast_head":"<!-- This site is optimized with the Yoast SEO plugin v15.2.1 - https:\/\/yoast.com\/wordpress\/plugins\/seo\/ -->\n<title>Puente de diciembre en Ibiza - Can Lluc | Blog<\/title>\n<meta name=\"description\" content=\"Participa en el gran evento de celebraci\u00f3n del 25 aniversario de la declaraci\u00f3n de Dalt Vila como Patrimonio de la Humanidad de la UNESCO.\" \/>\n<meta name=\"robots\" content=\"noindex, nofollow\" \/>\n<meta property=\"og:locale\" content=\"es_ES\" \/>\n<meta property=\"og:type\" content=\"article\" \/>\n<meta property=\"og:title\" content=\"Puente de diciembre en Ibiza - Can Lluc | Blog\" \/>\n<meta property=\"og:description\" content=\"Participa en el gran evento de celebraci\u00f3n del 25 aniversario de la declaraci\u00f3n de Dalt Vila como Patrimonio de la Humanidad de la UNESCO.\" \/>\n<meta property=\"og:url\" content=\"https:\/\/www.canlluc.com\/blog\/puente-de-diciembre-en-ibiza\/\" \/>\n<meta property=\"og:site_name\" content=\"Can Lluc | Blog\" \/>\n<meta property=\"article:published_time\" content=\"2024-11-26T12:22:11+00:00\" \/>\n<meta property=\"article:modified_time\" content=\"2025-01-30T11:56:44+00:00\" \/>\n<meta property=\"og:image\" content=\"https:\/\/www.canlluc.com\/blog\/wp-content\/uploads\/2024\/11\/ibiza-7444451_1920.jpg\" \/>\n\t<meta property=\"og:image:width\" content=\"1920\" \/>\n\t<meta property=\"og:image:height\" content=\"1280\" \/>\n<meta name=\"twitter:card\" content=\"summary\" \/>\n<meta name=\"twitter:label1\" content=\"Escrito por\">\n\t<meta name=\"twitter:data1\" content=\"Can Lluc\">\n\t<meta name=\"twitter:label2\" content=\"Tiempo de lectura\">\n\t<meta name=\"twitter:data2\" content=\"5 minutos\">\n<script type=\"application\/ld+json\" class=\"yoast-schema-graph\">{\"@context\":\"https:\/\/schema.org\",\"@graph\":[{\"@type\":\"WebSite\",\"@id\":\"https:\/\/www.canlluc.com\/blog\/#website\",\"url\":\"https:\/\/www.canlluc.com\/blog\/\",\"name\":\"Can Lluc | Blog\",\"description\":\"Historias mediterr\\u00e1neas, calma junto al mar y experiencias en Ibiza\",\"potentialAction\":[{\"@type\":\"SearchAction\",\"target\":\"https:\/\/www.canlluc.com\/blog\/?s={search_term_string}\",\"query-input\":\"required name=search_term_string\"}],\"inLanguage\":\"es\"},{\"@type\":\"ImageObject\",\"@id\":\"https:\/\/www.canlluc.com\/blog\/puente-de-diciembre-en-ibiza\/#primaryimage\",\"inLanguage\":\"es\",\"url\":\"https:\/\/www.canlluc.com\/blog\/wp-content\/uploads\/2024\/11\/ibiza-7444451_1920.jpg\",\"width\":1920,\"height\":1280},{\"@type\":\"WebPage\",\"@id\":\"https:\/\/www.canlluc.com\/blog\/puente-de-diciembre-en-ibiza\/#webpage\",\"url\":\"https:\/\/www.canlluc.com\/blog\/puente-de-diciembre-en-ibiza\/\",\"name\":\"Puente de diciembre en Ibiza - Can Lluc | Blog\",\"isPartOf\":{\"@id\":\"https:\/\/www.canlluc.com\/blog\/#website\"},\"primaryImageOfPage\":{\"@id\":\"https:\/\/www.canlluc.com\/blog\/puente-de-diciembre-en-ibiza\/#primaryimage\"},\"datePublished\":\"2024-11-26T12:22:11+00:00\",\"dateModified\":\"2025-01-30T11:56:44+00:00\",\"author\":{\"@id\":\"https:\/\/www.canlluc.com\/blog\/#\/schema\/person\/d1f0ed1fabfe2418dbb130903246f8f4\"},\"description\":\"Participa en el gran evento de celebraci\\u00f3n del 25 aniversario de la declaraci\\u00f3n de Dalt Vila como Patrimonio de la Humanidad de la UNESCO.\",\"breadcrumb\":{\"@id\":\"https:\/\/www.canlluc.com\/blog\/puente-de-diciembre-en-ibiza\/#breadcrumb\"},\"inLanguage\":\"es\",\"potentialAction\":[{\"@type\":\"ReadAction\",\"target\":[\"https:\/\/www.canlluc.com\/blog\/puente-de-diciembre-en-ibiza\/\"]}]},{\"@type\":\"BreadcrumbList\",\"@id\":\"https:\/\/www.canlluc.com\/blog\/puente-de-diciembre-en-ibiza\/#breadcrumb\",\"itemListElement\":[{\"@type\":\"ListItem\",\"position\":1,\"item\":{\"@type\":\"WebPage\",\"@id\":\"https:\/\/www.canlluc.com\/blog\/\",\"url\":\"https:\/\/www.canlluc.com\/blog\/\",\"name\":\"Home\"}},{\"@type\":\"ListItem\",\"position\":2,\"item\":{\"@type\":\"WebPage\",\"@id\":\"https:\/\/www.canlluc.com\/blog\/puente-de-diciembre-en-ibiza\/\",\"url\":\"https:\/\/www.canlluc.com\/blog\/puente-de-diciembre-en-ibiza\/\",\"name\":\"Puente de diciembre en Ibiza\"}}]},{\"@type\":\"Person\",\"@id\":\"https:\/\/www.canlluc.com\/blog\/#\/schema\/person\/d1f0ed1fabfe2418dbb130903246f8f4\",\"name\":\"Can Lluc\",\"image\":{\"@type\":\"ImageObject\",\"@id\":\"https:\/\/www.canlluc.com\/blog\/#personlogo\",\"inLanguage\":\"es\",\"url\":\"https:\/\/secure.gravatar.com\/avatar\/6d6f4ca47e6f2202cafd25ec9fb69261?s=96&d=mm&r=g\",\"caption\":\"Can Lluc\"},\"sameAs\":[\"https:\/\/www.canlluc.com\"]}]}<\/script>\n<!-- \/ Yoast SEO plugin. -->","_links":{"self":[{"href":"https:\/\/www.canlluc.com\/blog\/wp-json\/wp\/v2\/posts\/7470"}],"collection":[{"href":"https:\/\/www.canlluc.com\/blog\/wp-json\/wp\/v2\/posts"}],"about":[{"href":"https:\/\/www.canlluc.com\/blog\/wp-json\/wp\/v2\/types\/post"}],"author":[{"embeddable":true,"href":"https:\/\/www.canlluc.com\/blog\/wp-json\/wp\/v2\/users\/2"}],"replies":[{"embeddable":true,"href":"https:\/\/www.canlluc.com\/blog\/wp-json\/wp\/v2\/comments?post=7470"}],"version-history":[{"count":8,"href":"https:\/\/www.canlluc.com\/blog\/wp-json\/wp\/v2\/posts\/7470\/revisions"}],"predecessor-version":[{"id":8928,"href":"https:\/\/www.canlluc.com\/blog\/wp-json\/wp\/v2\/posts\/7470\/revisions\/8928"}],"wp:featuredmedia":[{"embeddable":true,"href":"https:\/\/www.canlluc.com\/blog\/wp-json\/wp\/v2\/media\/7471"}],"wp:attachment":[{"href":"https:\/\/www.canlluc.com\/blog\/wp-json\/wp\/v2\/media?parent=7470"}],"wp:term":[{"taxonomy":"category","embeddable":true,"href":"https:\/\/www.canlluc.com\/blog\/wp-json\/wp\/v2\/categories?post=7470"},{"taxonomy":"post_tag","embeddable":true,"href":"https:\/\/www.canlluc.com\/blog\/wp-json\/wp\/v2\/tags?post=7470"}],"curies":[{"name":"wp","href":"https:\/\/api.w.org\/{rel}","templated":true}]}}