{"id":6516,"date":"2024-02-19T19:01:43","date_gmt":"2024-02-19T18:01:43","guid":{"rendered":"https:\/\/www.canlluc.com\/blog\/?p=6516"},"modified":"2024-02-19T19:07:11","modified_gmt":"2024-02-19T18:07:11","slug":"native-la-guia-del-turismo-accesible","status":"publish","type":"post","link":"https:\/\/www.canlluc.com\/blog\/native-la-guia-del-turismo-accesible\/","title":{"rendered":"NATIVE: La Guia del Turismo Accesible"},"content":{"rendered":"\t\t<div data-elementor-type=\"wp-post\" data-elementor-id=\"6516\" class=\"elementor elementor-6516\" data-elementor-settings=\"[]\">\n\t\t\t\t\t\t<div class=\"elementor-inner\">\n\t\t\t\t\t\t\t<div class=\"elementor-section-wrap\">\n\t\t\t\t\t\t\t<section class=\"elementor-section elementor-top-section elementor-element elementor-element-fca7e43 elementor-section-boxed elementor-section-height-default elementor-section-height-default\" data-id=\"fca7e43\" data-element_type=\"section\">\n\t\t\t\t\t\t<div class=\"elementor-container elementor-column-gap-default\">\n\t\t\t\t\t\t\t<div class=\"elementor-row\">\n\t\t\t\t\t<div class=\"elementor-column elementor-col-100 elementor-top-column elementor-element elementor-element-c73dc44\" data-id=\"c73dc44\" data-element_type=\"column\">\n\t\t\t<div class=\"elementor-column-wrap elementor-element-populated\">\n\t\t\t\t\t\t\t<div class=\"elementor-widget-wrap\">\n\t\t\t\t\t\t<div class=\"elementor-element elementor-element-c72dbff elementor-widget elementor-widget-text-editor\" data-id=\"c72dbff\" data-element_type=\"widget\" data-widget_type=\"text-editor.default\">\n\t\t\t\t<div class=\"elementor-widget-container\">\n\t\t\t\t\t\t\t\t<div class=\"elementor-text-editor elementor-clearfix\">\n\t\t\t\t<p>Can Lluc recomendado en la <strong>Gu\u00eda de Turismo Accesible de Native Hotels<\/strong> en su secci\u00f3n \u00abNuestros alojamientos accesibles\u00bb.<\/p><p>\u00bfSab\u00edais que&#8230;?<\/p><p>&#8211; Nuestro encantador alojamiento dispone de una habitaci\u00f3n doble Deluxe con ba\u00f1o completamente adaptado?<\/p><p>&#8211; Los espacios comunes son amplios y con rampas all\u00ed donde hay desnivel?<\/p><p>&#8211; Las nuevas suites son muy espaciosas y c\u00f3modas con camas extra-large?<\/p><p>&#8211; La piscina dispone de elevador?<\/p><p>&#8211; El ba\u00f1o del restaurante es adaptado para personas con movilidad reducida?<\/p><p>Y adem\u00e1s, disfrutar\u00e1s de unas instalaciones, de un servicio y de un entorno incomparables.<\/p><p>Todos necesitamos sentirnos c\u00f3modos y seguros durante nuestras vacaciones y aqu\u00ed cuidamos todos los detalles.<\/p><p>\u00a1Bienvenidos todos a Can Lluc!<\/p>\t\t\t\t\t<\/div>\n\t\t\t\t\t\t<\/div>\n\t\t\t\t<\/div>\n\t\t\t\t<div class=\"elementor-element elementor-element-6f0978d elementor-button-info elementor-align-center elementor-widget elementor-widget-button\" data-id=\"6f0978d\" data-element_type=\"widget\" data-widget_type=\"button.default\">\n\t\t\t\t<div class=\"elementor-widget-container\">\n\t\t\t\t\t<div class=\"elementor-button-wrapper\">\n\t\t\t<a href=\"https:\/\/www.nativehotels.org\/guia\/la_guia_del_turismo_accesible.html\" class=\"elementor-button-link elementor-button elementor-size-md\" role=\"button\">\n\t\t\t\t\t\t<span class=\"elementor-button-content-wrapper\">\n\t\t\t\t\t\t<span class=\"elementor-button-icon elementor-align-icon-left\">\n\t\t\t\t<i aria-hidden=\"true\" class=\"fas fa-link\"><\/i>\t\t\t<\/span>\n\t\t\t\t\t\t<span class=\"elementor-button-text\">La gu\u00eda del turismo accesible<\/span>\n\t\t<\/span>\n\t\t\t\t\t<\/a>\n\t\t<\/div>\n\t\t\t\t<\/div>\n\t\t\t\t<\/div>\n\t\t\t\t\t\t<\/div>\n\t\t\t\t\t<\/div>\n\t\t<\/div>\n\t\t\t\t\t\t\t\t<\/div>\n\t\t\t\t\t<\/div>\n\t\t<\/section>\n\t\t\t\t\t\t<\/div>\n\t\t\t\t\t\t<\/div>\n\t\t\t\t\t<\/div>\n\t\t","protected":false},"excerpt":{"rendered":"<p>Can Lluc recomendado en la Gu\u00eda de Turismo Accesible de Native Hotels en su secci\u00f3n \u00abNuestros alojamientos accesibles\u00bb. \u00bfSab\u00edais que&#8230;? &#8211; Nuestro encantador alojamiento dispone de una habitaci\u00f3n doble Deluxe con ba\u00f1o completamente adaptado? &#8211; Los espacios comunes son amplios y con rampas all\u00ed donde hay desnivel? &#8211; Las nuevas suites son muy espaciosas y &#8230; <a title=\"NATIVE: La Guia del Turismo Accesible\" class=\"read-more\" href=\"https:\/\/www.canlluc.com\/blog\/native-la-guia-del-turismo-accesible\/\" aria-label=\"M\u00e1s en NATIVE: La Guia del Turismo Accesible\">Leer m\u00e1s<\/a><\/p>\n","protected":false},"author":2,"featured_media":3620,"comment_status":"open","ping_status":"open","sticky":false,"template":"","format":"standard","meta":[],"categories":[143],"tags":[],"yoast_head":"<!-- This site is optimized with the Yoast SEO plugin v15.2.1 - https:\/\/yoast.com\/wordpress\/plugins\/seo\/ -->\n<title>NATIVE: La Guia del Turismo Accesible - Can Lluc | Blog<\/title>\n<meta name=\"robots\" content=\"index, follow, max-snippet:-1, max-image-preview:large, max-video-preview:-1\" \/>\n<link rel=\"canonical\" href=\"https:\/\/www.canlluc.com\/blog\/native-la-guia-del-turismo-accesible\/\" \/>\n<meta property=\"og:locale\" content=\"es_ES\" \/>\n<meta property=\"og:type\" content=\"article\" \/>\n<meta property=\"og:title\" content=\"NATIVE: La Guia del Turismo Accesible - Can Lluc | Blog\" \/>\n<meta property=\"og:description\" content=\"Can Lluc recomendado en la Gu\u00eda de Turismo Accesible de Native Hotels en su secci\u00f3n \u00abNuestros alojamientos accesibles\u00bb. \u00bfSab\u00edais que&#8230;? &#8211; Nuestro encantador alojamiento dispone de una habitaci\u00f3n doble Deluxe con ba\u00f1o completamente adaptado? &#8211; Los espacios comunes son amplios y con rampas all\u00ed donde hay desnivel? &#8211; Las nuevas suites son muy espaciosas y ... Leer m\u00e1s\" \/>\n<meta property=\"og:url\" content=\"https:\/\/www.canlluc.com\/blog\/native-la-guia-del-turismo-accesible\/\" \/>\n<meta property=\"og:site_name\" content=\"Can Lluc | Blog\" \/>\n<meta property=\"article:published_time\" content=\"2024-02-19T18:01:43+00:00\" \/>\n<meta property=\"article:modified_time\" content=\"2024-02-19T18:07:11+00:00\" \/>\n<meta property=\"og:image\" content=\"https:\/\/www.canlluc.com\/blog\/wp-content\/uploads\/2022\/08\/16593514927282.jpg\" \/>\n\t<meta property=\"og:image:width\" content=\"660\" \/>\n\t<meta property=\"og:image:height\" content=\"440\" \/>\n<meta name=\"twitter:card\" content=\"summary\" \/>\n<meta name=\"twitter:label1\" content=\"Escrito por\">\n\t<meta name=\"twitter:data1\" content=\"Can Lluc\">\n\t<meta name=\"twitter:label2\" content=\"Tiempo de lectura\">\n\t<meta name=\"twitter:data2\" content=\"1 minuto\">\n<script type=\"application\/ld+json\" class=\"yoast-schema-graph\">{\"@context\":\"https:\/\/schema.org\",\"@graph\":[{\"@type\":\"WebSite\",\"@id\":\"https:\/\/www.canlluc.com\/blog\/#website\",\"url\":\"https:\/\/www.canlluc.com\/blog\/\",\"name\":\"Can Lluc | Blog\",\"description\":\"Historias mediterr\\u00e1neas, calma junto al mar y experiencias en Ibiza\",\"potentialAction\":[{\"@type\":\"SearchAction\",\"target\":\"https:\/\/www.canlluc.com\/blog\/?s={search_term_string}\",\"query-input\":\"required name=search_term_string\"}],\"inLanguage\":\"es\"},{\"@type\":\"ImageObject\",\"@id\":\"https:\/\/www.canlluc.com\/blog\/native-la-guia-del-turismo-accesible\/#primaryimage\",\"inLanguage\":\"es\",\"url\":\"https:\/\/www.canlluc.com\/blog\/wp-content\/uploads\/2022\/08\/16593514927282.jpg\",\"width\":660,\"height\":440},{\"@type\":\"WebPage\",\"@id\":\"https:\/\/www.canlluc.com\/blog\/native-la-guia-del-turismo-accesible\/#webpage\",\"url\":\"https:\/\/www.canlluc.com\/blog\/native-la-guia-del-turismo-accesible\/\",\"name\":\"NATIVE: La Guia del Turismo Accesible - Can Lluc | Blog\",\"isPartOf\":{\"@id\":\"https:\/\/www.canlluc.com\/blog\/#website\"},\"primaryImageOfPage\":{\"@id\":\"https:\/\/www.canlluc.com\/blog\/native-la-guia-del-turismo-accesible\/#primaryimage\"},\"datePublished\":\"2024-02-19T18:01:43+00:00\",\"dateModified\":\"2024-02-19T18:07:11+00:00\",\"author\":{\"@id\":\"https:\/\/www.canlluc.com\/blog\/#\/schema\/person\/d1f0ed1fabfe2418dbb130903246f8f4\"},\"breadcrumb\":{\"@id\":\"https:\/\/www.canlluc.com\/blog\/native-la-guia-del-turismo-accesible\/#breadcrumb\"},\"inLanguage\":\"es\",\"potentialAction\":[{\"@type\":\"ReadAction\",\"target\":[\"https:\/\/www.canlluc.com\/blog\/native-la-guia-del-turismo-accesible\/\"]}]},{\"@type\":\"BreadcrumbList\",\"@id\":\"https:\/\/www.canlluc.com\/blog\/native-la-guia-del-turismo-accesible\/#breadcrumb\",\"itemListElement\":[{\"@type\":\"ListItem\",\"position\":1,\"item\":{\"@type\":\"WebPage\",\"@id\":\"https:\/\/www.canlluc.com\/blog\/\",\"url\":\"https:\/\/www.canlluc.com\/blog\/\",\"name\":\"Home\"}},{\"@type\":\"ListItem\",\"position\":2,\"item\":{\"@type\":\"WebPage\",\"@id\":\"https:\/\/www.canlluc.com\/blog\/native-la-guia-del-turismo-accesible\/\",\"url\":\"https:\/\/www.canlluc.com\/blog\/native-la-guia-del-turismo-accesible\/\",\"name\":\"NATIVE: La Guia del Turismo Accesible\"}}]},{\"@type\":\"Person\",\"@id\":\"https:\/\/www.canlluc.com\/blog\/#\/schema\/person\/d1f0ed1fabfe2418dbb130903246f8f4\",\"name\":\"Can Lluc\",\"image\":{\"@type\":\"ImageObject\",\"@id\":\"https:\/\/www.canlluc.com\/blog\/#personlogo\",\"inLanguage\":\"es\",\"url\":\"https:\/\/secure.gravatar.com\/avatar\/6d6f4ca47e6f2202cafd25ec9fb69261?s=96&d=mm&r=g\",\"caption\":\"Can Lluc\"},\"sameAs\":[\"https:\/\/www.canlluc.com\"]}]}<\/script>\n<!-- \/ Yoast SEO plugin. -->","_links":{"self":[{"href":"https:\/\/www.canlluc.com\/blog\/wp-json\/wp\/v2\/posts\/6516"}],"collection":[{"href":"https:\/\/www.canlluc.com\/blog\/wp-json\/wp\/v2\/posts"}],"about":[{"href":"https:\/\/www.canlluc.com\/blog\/wp-json\/wp\/v2\/types\/post"}],"author":[{"embeddable":true,"href":"https:\/\/www.canlluc.com\/blog\/wp-json\/wp\/v2\/users\/2"}],"replies":[{"embeddable":true,"href":"https:\/\/www.canlluc.com\/blog\/wp-json\/wp\/v2\/comments?post=6516"}],"version-history":[{"count":4,"href":"https:\/\/www.canlluc.com\/blog\/wp-json\/wp\/v2\/posts\/6516\/revisions"}],"predecessor-version":[{"id":6523,"href":"https:\/\/www.canlluc.com\/blog\/wp-json\/wp\/v2\/posts\/6516\/revisions\/6523"}],"wp:featuredmedia":[{"embeddable":true,"href":"https:\/\/www.canlluc.com\/blog\/wp-json\/wp\/v2\/media\/3620"}],"wp:attachment":[{"href":"https:\/\/www.canlluc.com\/blog\/wp-json\/wp\/v2\/media?parent=6516"}],"wp:term":[{"taxonomy":"category","embeddable":true,"href":"https:\/\/www.canlluc.com\/blog\/wp-json\/wp\/v2\/categories?post=6516"},{"taxonomy":"post_tag","embeddable":true,"href":"https:\/\/www.canlluc.com\/blog\/wp-json\/wp\/v2\/tags?post=6516"}],"curies":[{"name":"wp","href":"https:\/\/api.w.org\/{rel}","templated":true}]}}