{"id":628,"date":"2017-10-30T10:52:15","date_gmt":"2017-10-30T09:52:15","guid":{"rendered":"http:\/\/www.canlluc.com\/blog\/?p=628"},"modified":"2018-07-31T12:30:34","modified_gmt":"2018-07-31T11:30:34","slug":"la-isla-es-nuestra","status":"publish","type":"post","link":"https:\/\/www.canlluc.com\/blog\/la-isla-es-nuestra\/","title":{"rendered":"La isla es nuestra"},"content":{"rendered":"<p>Con el fin de la temporada de verano los residentes retomamos la isla dispuestos a disfrutar de todos sus encantos. En Can Lluc queremos que os relaj\u00e9is, que os premi\u00e9is por haber trabajado tanto, que disfrut\u00e9is de una noche con una cena a la luz de las velas. Por eso retomamos nuestros packs especialmente pensados para todo lo que teng\u00e1is que celebrar. \u00bfLos repasamos juntos?<\/p>\n<p><img decoding=\"async\" loading=\"lazy\" class=\"alignnone wp-image-633\" src=\"https:\/\/www.canlluc.com\/blog\/wp-content\/uploads\/2017\/10\/2017_pack_relax.jpg\" alt=\"\" width=\"516\" height=\"365\" srcset=\"https:\/\/www.canlluc.com\/blog\/wp-content\/uploads\/2017\/10\/2017_pack_relax.jpg 3508w, https:\/\/www.canlluc.com\/blog\/wp-content\/uploads\/2017\/10\/2017_pack_relax-300x212.jpg 300w, https:\/\/www.canlluc.com\/blog\/wp-content\/uploads\/2017\/10\/2017_pack_relax-768x543.jpg 768w, https:\/\/www.canlluc.com\/blog\/wp-content\/uploads\/2017\/10\/2017_pack_relax-1024x724.jpg 1024w\" sizes=\"(max-width: 516px) 100vw, 516px\" \/><\/p>\n<p>Pack Relax<\/p>\n<p>Despu\u00e9s del ajetreo del verano es el momento de recargar las pilas. Nuestro pack relax empieza cuid\u00e1ndote por dentro con una cena gourmet y una botella de cava. Y termina con un desayuno en el buffet o en la habitaci\u00f3n. Adem\u00e1s, para ponerle el broche de oro pod\u00e9is cerrar vuestra escapada con una sesi\u00f3n de sauna, jacuzzi o en el gimnasio.<\/p>\n<p><img decoding=\"async\" loading=\"lazy\" class=\"alignnone wp-image-635\" src=\"https:\/\/www.canlluc.com\/blog\/wp-content\/uploads\/2017\/10\/2017_pack_romantico.jpg\" alt=\"\" width=\"509\" height=\"360\" srcset=\"https:\/\/www.canlluc.com\/blog\/wp-content\/uploads\/2017\/10\/2017_pack_romantico.jpg 3508w, https:\/\/www.canlluc.com\/blog\/wp-content\/uploads\/2017\/10\/2017_pack_romantico-300x212.jpg 300w, https:\/\/www.canlluc.com\/blog\/wp-content\/uploads\/2017\/10\/2017_pack_romantico-768x543.jpg 768w, https:\/\/www.canlluc.com\/blog\/wp-content\/uploads\/2017\/10\/2017_pack_romantico-1024x724.jpg 1024w\" sizes=\"(max-width: 509px) 100vw, 509px\" \/><\/p>\n<p>Pack Rom\u00e1ntico<\/p>\n<p>La Ibiza m\u00e1s aut\u00e9ntica os espera en este pack junto a la persona a la que am\u00e1is. Velas, flores, cava y bombones y la mejor compa\u00f1\u00eda. No necesit\u00e1is m\u00e1s.<\/p>\n<p><img decoding=\"async\" loading=\"lazy\" class=\"alignnone wp-image-631\" src=\"https:\/\/www.canlluc.com\/blog\/wp-content\/uploads\/2017\/10\/2017_pack_ladies.jpg\" alt=\"\" width=\"549\" height=\"388\" srcset=\"https:\/\/www.canlluc.com\/blog\/wp-content\/uploads\/2017\/10\/2017_pack_ladies.jpg 3508w, https:\/\/www.canlluc.com\/blog\/wp-content\/uploads\/2017\/10\/2017_pack_ladies-300x212.jpg 300w, https:\/\/www.canlluc.com\/blog\/wp-content\/uploads\/2017\/10\/2017_pack_ladies-768x543.jpg 768w, https:\/\/www.canlluc.com\/blog\/wp-content\/uploads\/2017\/10\/2017_pack_ladies-1024x724.jpg 1024w\" sizes=\"(max-width: 549px) 100vw, 549px\" \/><\/p>\n<p>Pack Ladies Night<\/p>\n<p>Llev\u00e1is mucho tiempo sin poneros al d\u00eda y os merec\u00e9is una escapada. Tus chicas y t\u00fa podr\u00e9is disfrutar de una noche especial con un c\u00f3ctel de bienvenida, cena, y acceso a nuestra zona wellness. \u00a1No esperes m\u00e1s! Ten\u00e9is mucho que contaros.<\/p>\n<p><img decoding=\"async\" loading=\"lazy\" class=\"alignnone wp-image-629\" src=\"https:\/\/www.canlluc.com\/blog\/wp-content\/uploads\/2017\/10\/2017_pack_BODAS_completo.jpg\" alt=\"\" width=\"519\" height=\"367\" srcset=\"https:\/\/www.canlluc.com\/blog\/wp-content\/uploads\/2017\/10\/2017_pack_BODAS_completo.jpg 842w, https:\/\/www.canlluc.com\/blog\/wp-content\/uploads\/2017\/10\/2017_pack_BODAS_completo-300x212.jpg 300w, https:\/\/www.canlluc.com\/blog\/wp-content\/uploads\/2017\/10\/2017_pack_BODAS_completo-768x543.jpg 768w\" sizes=\"(max-width: 519px) 100vw, 519px\" \/><\/p>\n<p>Pack Noche de Bodas<\/p>\n<p>Despu\u00e9s del \u201cs\u00ed quiero\u201d llega el descanso. Regala relax, regala romanticismo, reg\u00e1lales una noche de bodas inolvidable, con una cena para dos y una habitaci\u00f3n decorada con flores silvestres y velas. Este pack incluye una botella de cava y bombones para hacer de esta noche la mejor de sus vidas.<\/p>\n<p>Si quieres m\u00e1s informaci\u00f3n de cualquiera de nuestros paquetes no dudes en ponerte en contacto con nosotros. Puedes elegir tu habitaci\u00f3n dependiendo de la disponibilidad de las mismas por lo que no tardes en escogerla y reservarla. Por \u00faltimo, recuerda que puedes mejorar tu estancia con un sinf\u00edn de posibilidades \u00a1personaliza tus momentos \u00fanicos!<\/p>\n","protected":false},"excerpt":{"rendered":"<p>Con el fin de la temporada de verano los residentes retomamos la isla dispuestos a disfrutar de todos sus encantos. En Can Lluc queremos que os relaj\u00e9is, que os premi\u00e9is por haber trabajado tanto, que disfrut\u00e9is de una noche con una cena a la luz de las velas. Por eso retomamos nuestros packs especialmente pensados &#8230; <a title=\"La isla es nuestra\" class=\"read-more\" href=\"https:\/\/www.canlluc.com\/blog\/la-isla-es-nuestra\/\" aria-label=\"M\u00e1s en La isla es nuestra\">Leer m\u00e1s<\/a><\/p>\n","protected":false},"author":2,"featured_media":589,"comment_status":"open","ping_status":"open","sticky":false,"template":"","format":"standard","meta":[],"categories":[1],"tags":[],"yoast_head":"<!-- This site is optimized with the Yoast SEO plugin v15.2.1 - https:\/\/yoast.com\/wordpress\/plugins\/seo\/ -->\n<title>La isla es nuestra - Can Lluc | Blog<\/title>\n<meta name=\"robots\" content=\"index, follow, max-snippet:-1, max-image-preview:large, max-video-preview:-1\" \/>\n<link rel=\"canonical\" href=\"https:\/\/www.canlluc.com\/blog\/la-isla-es-nuestra\/\" \/>\n<meta property=\"og:locale\" content=\"es_ES\" \/>\n<meta property=\"og:type\" content=\"article\" \/>\n<meta property=\"og:title\" content=\"La isla es nuestra - Can Lluc | Blog\" \/>\n<meta property=\"og:description\" content=\"Con el fin de la temporada de verano los residentes retomamos la isla dispuestos a disfrutar de todos sus encantos. En Can Lluc queremos que os relaj\u00e9is, que os premi\u00e9is por haber trabajado tanto, que disfrut\u00e9is de una noche con una cena a la luz de las velas. Por eso retomamos nuestros packs especialmente pensados ... Leer m\u00e1s\" \/>\n<meta property=\"og:url\" content=\"https:\/\/www.canlluc.com\/blog\/la-isla-es-nuestra\/\" \/>\n<meta property=\"og:site_name\" content=\"Can Lluc | Blog\" \/>\n<meta property=\"article:published_time\" content=\"2017-10-30T09:52:15+00:00\" \/>\n<meta property=\"article:modified_time\" content=\"2018-07-31T11:30:34+00:00\" \/>\n<meta property=\"og:image\" content=\"https:\/\/www.canlluc.com\/blog\/wp-content\/uploads\/2017\/09\/12771514415_67fdff6147_k.jpg\" \/>\n\t<meta property=\"og:image:width\" content=\"2048\" \/>\n\t<meta property=\"og:image:height\" content=\"1365\" \/>\n<meta name=\"twitter:card\" content=\"summary\" \/>\n<meta name=\"twitter:label1\" content=\"Escrito por\">\n\t<meta name=\"twitter:data1\" content=\"Can Lluc\">\n\t<meta name=\"twitter:label2\" content=\"Tiempo de lectura\">\n\t<meta name=\"twitter:data2\" content=\"1 minuto\">\n<script type=\"application\/ld+json\" class=\"yoast-schema-graph\">{\"@context\":\"https:\/\/schema.org\",\"@graph\":[{\"@type\":\"WebSite\",\"@id\":\"https:\/\/www.canlluc.com\/blog\/#website\",\"url\":\"https:\/\/www.canlluc.com\/blog\/\",\"name\":\"Can Lluc | Blog\",\"description\":\"Historias mediterr\\u00e1neas, calma junto al mar y experiencias en Ibiza\",\"potentialAction\":[{\"@type\":\"SearchAction\",\"target\":\"https:\/\/www.canlluc.com\/blog\/?s={search_term_string}\",\"query-input\":\"required name=search_term_string\"}],\"inLanguage\":\"es\"},{\"@type\":\"ImageObject\",\"@id\":\"https:\/\/www.canlluc.com\/blog\/la-isla-es-nuestra\/#primaryimage\",\"inLanguage\":\"es\",\"url\":\"https:\/\/www.canlluc.com\/blog\/wp-content\/uploads\/2017\/09\/12771514415_67fdff6147_k.jpg\",\"width\":2048,\"height\":1365,\"caption\":\"Autor\\u00eda: Can Lluc\"},{\"@type\":\"WebPage\",\"@id\":\"https:\/\/www.canlluc.com\/blog\/la-isla-es-nuestra\/#webpage\",\"url\":\"https:\/\/www.canlluc.com\/blog\/la-isla-es-nuestra\/\",\"name\":\"La isla es nuestra - Can Lluc | Blog\",\"isPartOf\":{\"@id\":\"https:\/\/www.canlluc.com\/blog\/#website\"},\"primaryImageOfPage\":{\"@id\":\"https:\/\/www.canlluc.com\/blog\/la-isla-es-nuestra\/#primaryimage\"},\"datePublished\":\"2017-10-30T09:52:15+00:00\",\"dateModified\":\"2018-07-31T11:30:34+00:00\",\"author\":{\"@id\":\"https:\/\/www.canlluc.com\/blog\/#\/schema\/person\/d1f0ed1fabfe2418dbb130903246f8f4\"},\"breadcrumb\":{\"@id\":\"https:\/\/www.canlluc.com\/blog\/la-isla-es-nuestra\/#breadcrumb\"},\"inLanguage\":\"es\",\"potentialAction\":[{\"@type\":\"ReadAction\",\"target\":[\"https:\/\/www.canlluc.com\/blog\/la-isla-es-nuestra\/\"]}]},{\"@type\":\"BreadcrumbList\",\"@id\":\"https:\/\/www.canlluc.com\/blog\/la-isla-es-nuestra\/#breadcrumb\",\"itemListElement\":[{\"@type\":\"ListItem\",\"position\":1,\"item\":{\"@type\":\"WebPage\",\"@id\":\"https:\/\/www.canlluc.com\/blog\/\",\"url\":\"https:\/\/www.canlluc.com\/blog\/\",\"name\":\"Home\"}},{\"@type\":\"ListItem\",\"position\":2,\"item\":{\"@type\":\"WebPage\",\"@id\":\"https:\/\/www.canlluc.com\/blog\/la-isla-es-nuestra\/\",\"url\":\"https:\/\/www.canlluc.com\/blog\/la-isla-es-nuestra\/\",\"name\":\"La isla es nuestra\"}}]},{\"@type\":\"Person\",\"@id\":\"https:\/\/www.canlluc.com\/blog\/#\/schema\/person\/d1f0ed1fabfe2418dbb130903246f8f4\",\"name\":\"Can Lluc\",\"image\":{\"@type\":\"ImageObject\",\"@id\":\"https:\/\/www.canlluc.com\/blog\/#personlogo\",\"inLanguage\":\"es\",\"url\":\"https:\/\/secure.gravatar.com\/avatar\/6d6f4ca47e6f2202cafd25ec9fb69261?s=96&d=mm&r=g\",\"caption\":\"Can Lluc\"},\"sameAs\":[\"https:\/\/www.canlluc.com\"]}]}<\/script>\n<!-- \/ Yoast SEO plugin. -->","_links":{"self":[{"href":"https:\/\/www.canlluc.com\/blog\/wp-json\/wp\/v2\/posts\/628"}],"collection":[{"href":"https:\/\/www.canlluc.com\/blog\/wp-json\/wp\/v2\/posts"}],"about":[{"href":"https:\/\/www.canlluc.com\/blog\/wp-json\/wp\/v2\/types\/post"}],"author":[{"embeddable":true,"href":"https:\/\/www.canlluc.com\/blog\/wp-json\/wp\/v2\/users\/2"}],"replies":[{"embeddable":true,"href":"https:\/\/www.canlluc.com\/blog\/wp-json\/wp\/v2\/comments?post=628"}],"version-history":[{"count":1,"href":"https:\/\/www.canlluc.com\/blog\/wp-json\/wp\/v2\/posts\/628\/revisions"}],"predecessor-version":[{"id":637,"href":"https:\/\/www.canlluc.com\/blog\/wp-json\/wp\/v2\/posts\/628\/revisions\/637"}],"wp:featuredmedia":[{"embeddable":true,"href":"https:\/\/www.canlluc.com\/blog\/wp-json\/wp\/v2\/media\/589"}],"wp:attachment":[{"href":"https:\/\/www.canlluc.com\/blog\/wp-json\/wp\/v2\/media?parent=628"}],"wp:term":[{"taxonomy":"category","embeddable":true,"href":"https:\/\/www.canlluc.com\/blog\/wp-json\/wp\/v2\/categories?post=628"},{"taxonomy":"post_tag","embeddable":true,"href":"https:\/\/www.canlluc.com\/blog\/wp-json\/wp\/v2\/tags?post=628"}],"curies":[{"name":"wp","href":"https:\/\/api.w.org\/{rel}","templated":true}]}}