{"id":341,"date":"2017-05-04T12:27:19","date_gmt":"2017-05-04T11:27:19","guid":{"rendered":"http:\/\/www.canlluc.com\/blog\/?p=341\/"},"modified":"2018-07-31T17:24:22","modified_gmt":"2018-07-31T16:24:22","slug":"el-periodista-michael-morcos-nos-cuenta-su-experiencia-en-can-lluc","status":"publish","type":"post","link":"https:\/\/www.canlluc.com\/blog\/el-periodista-michael-morcos-nos-cuenta-su-experiencia-en-can-lluc\/","title":{"rendered":"EL PERIODISTA MICHAEL MORCOS NOS CUENTA SU EXPERIENCIA EN CAN LLUC"},"content":{"rendered":"<p>El periodista Michael Morcos de la revista <a href=\"https:\/\/www.canadianworldtraveller.com\/Destinations_&amp;_Articles_Spain_Ibiza_%20Spring_2016.htm\">Canadian World Traveller<\/a>\u00a0se aloj\u00f3 en Can Lluc la temporada pasada y, como podemos observar, su estancia en Ibiza ha sido una fuente pura de inspiraci\u00f3n para escribir su experiencia en el agroturismo, adem\u00e1s de compartir con todos los lectores su paso por Ibiza.<\/p>\n<p>Como bien dice Michael Morcos en su art\u00edculo, a pesar de su corta estancia por Ibiza, ha podido descubrir muchos rincones m\u00e1gicos que componen la isla: la muralla y el casco antiguo de Ibiza, las calas y sus atardeceres, el mercadillo Las Dalias y un sin fin de cosas m\u00e1s. Adem\u00e1s nos cuenta los restaurantes que ha conocido, las excursiones en bicicleta y kayak y todos los planes que ha hecho durante su recorrido en la mayor de las Pitusas.<\/p>\n<p>En su art\u00edculo ha dedicado dos p\u00e1ginas para escribir su experiencia en Can Lluc, pues considera este como un pa\u00eds santuario para viajeros. Ha definido su estancia en el hotel como el espacio perfecto para relajarse, adem\u00e1s de ser un lugar donde poder gozar de la privacidad de los hu\u00e9spedes. Michael refleja en el texto la armon\u00eda que transmite el espacio en el que est\u00e1 integrado el hotel cerca de la naturaleza.<\/p>\n<p>Entre sus maravillosas palabras, destaca: \u00ablos propietarios han conseguido traer la belleza natural de la isla a este peque\u00f1o oasis\u00bb.<\/p>\n<p>Hoy os queremos mostrar el gran art\u00edculo de cuatro p\u00e1ginas que el periodista ha escrito sobre Ibiza:<\/p>\n<figure id=\"attachment_344\" aria-describedby=\"caption-attachment-344\" style=\"width: 1230px\" class=\"wp-caption alignnone\"><img decoding=\"async\" loading=\"lazy\" class=\"size-full wp-image-344\" src=\"https:\/\/www.canlluc.com\/blog\/wp-content\/uploads\/2017\/05\/1Spanish-delights-Canadian-World-Traveller-verano-2016.jpg\" alt=\"Autor\u00eda: Michael Morcos \" width=\"1240\" height=\"1753\" srcset=\"https:\/\/www.canlluc.com\/blog\/wp-content\/uploads\/2017\/05\/1Spanish-delights-Canadian-World-Traveller-verano-2016.jpg 1240w, https:\/\/www.canlluc.com\/blog\/wp-content\/uploads\/2017\/05\/1Spanish-delights-Canadian-World-Traveller-verano-2016-212x300.jpg 212w, https:\/\/www.canlluc.com\/blog\/wp-content\/uploads\/2017\/05\/1Spanish-delights-Canadian-World-Traveller-verano-2016-768x1086.jpg 768w, https:\/\/www.canlluc.com\/blog\/wp-content\/uploads\/2017\/05\/1Spanish-delights-Canadian-World-Traveller-verano-2016-724x1024.jpg 724w\" sizes=\"(max-width: 1240px) 100vw, 1240px\" \/><figcaption id=\"caption-attachment-344\" class=\"wp-caption-text\">Autor\u00eda: Michael Morcos<\/figcaption><\/figure>\n<figure id=\"attachment_346\" aria-describedby=\"caption-attachment-346\" style=\"width: 1230px\" class=\"wp-caption alignnone\"><img decoding=\"async\" loading=\"lazy\" class=\"size-full wp-image-346\" src=\"https:\/\/www.canlluc.com\/blog\/wp-content\/uploads\/2017\/05\/2Spanish-delights-Canadian-World-Traveller-verano-2016.jpg\" alt=\"Autor\u00eda: Michael Morcos \" width=\"1240\" height=\"1753\" srcset=\"https:\/\/www.canlluc.com\/blog\/wp-content\/uploads\/2017\/05\/2Spanish-delights-Canadian-World-Traveller-verano-2016.jpg 1240w, https:\/\/www.canlluc.com\/blog\/wp-content\/uploads\/2017\/05\/2Spanish-delights-Canadian-World-Traveller-verano-2016-212x300.jpg 212w, https:\/\/www.canlluc.com\/blog\/wp-content\/uploads\/2017\/05\/2Spanish-delights-Canadian-World-Traveller-verano-2016-768x1086.jpg 768w, https:\/\/www.canlluc.com\/blog\/wp-content\/uploads\/2017\/05\/2Spanish-delights-Canadian-World-Traveller-verano-2016-724x1024.jpg 724w\" sizes=\"(max-width: 1240px) 100vw, 1240px\" \/><figcaption id=\"caption-attachment-346\" class=\"wp-caption-text\">Autor\u00eda: Michael Morcos<\/figcaption><\/figure>\n<figure id=\"attachment_348\" aria-describedby=\"caption-attachment-348\" style=\"width: 1230px\" class=\"wp-caption alignnone\"><img decoding=\"async\" loading=\"lazy\" class=\"size-full wp-image-348\" src=\"https:\/\/www.canlluc.com\/blog\/wp-content\/uploads\/2017\/05\/3Spanish-delights-Canadian-World-Traveller-verano-2016-1.jpg\" alt=\"Autor\u00eda: Michael Morcos \" width=\"1240\" height=\"1753\" srcset=\"https:\/\/www.canlluc.com\/blog\/wp-content\/uploads\/2017\/05\/3Spanish-delights-Canadian-World-Traveller-verano-2016-1.jpg 1240w, https:\/\/www.canlluc.com\/blog\/wp-content\/uploads\/2017\/05\/3Spanish-delights-Canadian-World-Traveller-verano-2016-1-212x300.jpg 212w, https:\/\/www.canlluc.com\/blog\/wp-content\/uploads\/2017\/05\/3Spanish-delights-Canadian-World-Traveller-verano-2016-1-768x1086.jpg 768w, https:\/\/www.canlluc.com\/blog\/wp-content\/uploads\/2017\/05\/3Spanish-delights-Canadian-World-Traveller-verano-2016-1-724x1024.jpg 724w\" sizes=\"(max-width: 1240px) 100vw, 1240px\" \/><figcaption id=\"caption-attachment-348\" class=\"wp-caption-text\">Autor\u00eda: Michael Morcos<\/figcaption><\/figure>\n<figure id=\"attachment_350\" aria-describedby=\"caption-attachment-350\" style=\"width: 1230px\" class=\"wp-caption alignnone\"><img decoding=\"async\" loading=\"lazy\" class=\"size-full wp-image-350\" src=\"https:\/\/www.canlluc.com\/blog\/wp-content\/uploads\/2017\/05\/4Spanish-delights-Canadian-World-Traveller-verano-2016.jpg\" alt=\"Autor\u00eda: Michael Morcos \" width=\"1240\" height=\"1753\" srcset=\"https:\/\/www.canlluc.com\/blog\/wp-content\/uploads\/2017\/05\/4Spanish-delights-Canadian-World-Traveller-verano-2016.jpg 1240w, https:\/\/www.canlluc.com\/blog\/wp-content\/uploads\/2017\/05\/4Spanish-delights-Canadian-World-Traveller-verano-2016-212x300.jpg 212w, https:\/\/www.canlluc.com\/blog\/wp-content\/uploads\/2017\/05\/4Spanish-delights-Canadian-World-Traveller-verano-2016-768x1086.jpg 768w, https:\/\/www.canlluc.com\/blog\/wp-content\/uploads\/2017\/05\/4Spanish-delights-Canadian-World-Traveller-verano-2016-724x1024.jpg 724w\" sizes=\"(max-width: 1240px) 100vw, 1240px\" \/><figcaption id=\"caption-attachment-350\" class=\"wp-caption-text\">Autor\u00eda: Michael Morcos<\/figcaption><\/figure>\n<p>&nbsp;<\/p>\n<p>&nbsp;<\/p>\n","protected":false},"excerpt":{"rendered":"<p>El periodista Michael Morcos de la revista Canadian World Traveller\u00a0se aloj\u00f3 en Can Lluc la temporada pasada y, como podemos observar, su estancia en Ibiza ha sido una fuente pura de inspiraci\u00f3n para escribir su experiencia en el agroturismo, adem\u00e1s de compartir con todos los lectores su paso por Ibiza. Como bien dice Michael Morcos &#8230; <a title=\"EL PERIODISTA MICHAEL MORCOS NOS CUENTA SU EXPERIENCIA EN CAN LLUC\" class=\"read-more\" href=\"https:\/\/www.canlluc.com\/blog\/el-periodista-michael-morcos-nos-cuenta-su-experiencia-en-can-lluc\/\" aria-label=\"M\u00e1s en EL PERIODISTA MICHAEL MORCOS NOS CUENTA SU EXPERIENCIA EN CAN LLUC\">Leer m\u00e1s<\/a><\/p>\n","protected":false},"author":2,"featured_media":342,"comment_status":"open","ping_status":"open","sticky":false,"template":"","format":"standard","meta":[],"categories":[143],"tags":[],"yoast_head":"<!-- This site is optimized with the Yoast SEO plugin v15.2.1 - https:\/\/yoast.com\/wordpress\/plugins\/seo\/ -->\n<title>EL PERIODISTA MICHAEL MORCOS NOS CUENTA SU EXPERIENCIA EN CAN LLUC - Can Lluc | Blog<\/title>\n<meta name=\"robots\" content=\"index, follow, max-snippet:-1, max-image-preview:large, max-video-preview:-1\" \/>\n<link rel=\"canonical\" href=\"https:\/\/www.canlluc.com\/blog\/el-periodista-michael-morcos-nos-cuenta-su-experiencia-en-can-lluc\/\" \/>\n<meta property=\"og:locale\" content=\"es_ES\" \/>\n<meta property=\"og:type\" content=\"article\" \/>\n<meta property=\"og:title\" content=\"EL PERIODISTA MICHAEL MORCOS NOS CUENTA SU EXPERIENCIA EN CAN LLUC - Can Lluc | Blog\" \/>\n<meta property=\"og:description\" content=\"El periodista Michael Morcos de la revista Canadian World Traveller\u00a0se aloj\u00f3 en Can Lluc la temporada pasada y, como podemos observar, su estancia en Ibiza ha sido una fuente pura de inspiraci\u00f3n para escribir su experiencia en el agroturismo, adem\u00e1s de compartir con todos los lectores su paso por Ibiza. Como bien dice Michael Morcos ... Leer m\u00e1s\" \/>\n<meta property=\"og:url\" content=\"https:\/\/www.canlluc.com\/blog\/el-periodista-michael-morcos-nos-cuenta-su-experiencia-en-can-lluc\/\" \/>\n<meta property=\"og:site_name\" content=\"Can Lluc | Blog\" \/>\n<meta property=\"article:published_time\" content=\"2017-05-04T11:27:19+00:00\" \/>\n<meta property=\"article:modified_time\" content=\"2018-07-31T16:24:22+00:00\" \/>\n<meta property=\"og:image\" content=\"https:\/\/www.canlluc.com\/blog\/wp-content\/uploads\/2017\/05\/3Spanish-delights-Canadian-World-Traveller-verano-2016.jpg\" \/>\n\t<meta property=\"og:image:width\" content=\"1240\" \/>\n\t<meta property=\"og:image:height\" content=\"1753\" \/>\n<meta name=\"twitter:card\" content=\"summary\" \/>\n<meta name=\"twitter:label1\" content=\"Escrito por\">\n\t<meta name=\"twitter:data1\" content=\"Can Lluc\">\n\t<meta name=\"twitter:label2\" content=\"Tiempo de lectura\">\n\t<meta name=\"twitter:data2\" content=\"1 minuto\">\n<script type=\"application\/ld+json\" class=\"yoast-schema-graph\">{\"@context\":\"https:\/\/schema.org\",\"@graph\":[{\"@type\":\"WebSite\",\"@id\":\"https:\/\/www.canlluc.com\/blog\/#website\",\"url\":\"https:\/\/www.canlluc.com\/blog\/\",\"name\":\"Can Lluc | Blog\",\"description\":\"Historias mediterr\\u00e1neas, calma junto al mar y experiencias en Ibiza\",\"potentialAction\":[{\"@type\":\"SearchAction\",\"target\":\"https:\/\/www.canlluc.com\/blog\/?s={search_term_string}\",\"query-input\":\"required name=search_term_string\"}],\"inLanguage\":\"es\"},{\"@type\":\"ImageObject\",\"@id\":\"https:\/\/www.canlluc.com\/blog\/el-periodista-michael-morcos-nos-cuenta-su-experiencia-en-can-lluc\/#primaryimage\",\"inLanguage\":\"es\",\"url\":\"https:\/\/www.canlluc.com\/blog\/wp-content\/uploads\/2017\/05\/3Spanish-delights-Canadian-World-Traveller-verano-2016.jpg\",\"width\":1240,\"height\":1753,\"caption\":\"Autor\\u00eda: Michael Morcos\"},{\"@type\":\"WebPage\",\"@id\":\"https:\/\/www.canlluc.com\/blog\/el-periodista-michael-morcos-nos-cuenta-su-experiencia-en-can-lluc\/#webpage\",\"url\":\"https:\/\/www.canlluc.com\/blog\/el-periodista-michael-morcos-nos-cuenta-su-experiencia-en-can-lluc\/\",\"name\":\"EL PERIODISTA MICHAEL MORCOS NOS CUENTA SU EXPERIENCIA EN CAN LLUC - Can Lluc | Blog\",\"isPartOf\":{\"@id\":\"https:\/\/www.canlluc.com\/blog\/#website\"},\"primaryImageOfPage\":{\"@id\":\"https:\/\/www.canlluc.com\/blog\/el-periodista-michael-morcos-nos-cuenta-su-experiencia-en-can-lluc\/#primaryimage\"},\"datePublished\":\"2017-05-04T11:27:19+00:00\",\"dateModified\":\"2018-07-31T16:24:22+00:00\",\"author\":{\"@id\":\"https:\/\/www.canlluc.com\/blog\/#\/schema\/person\/d1f0ed1fabfe2418dbb130903246f8f4\"},\"breadcrumb\":{\"@id\":\"https:\/\/www.canlluc.com\/blog\/el-periodista-michael-morcos-nos-cuenta-su-experiencia-en-can-lluc\/#breadcrumb\"},\"inLanguage\":\"es\",\"potentialAction\":[{\"@type\":\"ReadAction\",\"target\":[\"https:\/\/www.canlluc.com\/blog\/el-periodista-michael-morcos-nos-cuenta-su-experiencia-en-can-lluc\/\"]}]},{\"@type\":\"BreadcrumbList\",\"@id\":\"https:\/\/www.canlluc.com\/blog\/el-periodista-michael-morcos-nos-cuenta-su-experiencia-en-can-lluc\/#breadcrumb\",\"itemListElement\":[{\"@type\":\"ListItem\",\"position\":1,\"item\":{\"@type\":\"WebPage\",\"@id\":\"https:\/\/www.canlluc.com\/blog\/\",\"url\":\"https:\/\/www.canlluc.com\/blog\/\",\"name\":\"Home\"}},{\"@type\":\"ListItem\",\"position\":2,\"item\":{\"@type\":\"WebPage\",\"@id\":\"https:\/\/www.canlluc.com\/blog\/el-periodista-michael-morcos-nos-cuenta-su-experiencia-en-can-lluc\/\",\"url\":\"https:\/\/www.canlluc.com\/blog\/el-periodista-michael-morcos-nos-cuenta-su-experiencia-en-can-lluc\/\",\"name\":\"EL PERIODISTA MICHAEL MORCOS NOS CUENTA SU EXPERIENCIA EN CAN LLUC\"}}]},{\"@type\":\"Person\",\"@id\":\"https:\/\/www.canlluc.com\/blog\/#\/schema\/person\/d1f0ed1fabfe2418dbb130903246f8f4\",\"name\":\"Can Lluc\",\"image\":{\"@type\":\"ImageObject\",\"@id\":\"https:\/\/www.canlluc.com\/blog\/#personlogo\",\"inLanguage\":\"es\",\"url\":\"https:\/\/secure.gravatar.com\/avatar\/6d6f4ca47e6f2202cafd25ec9fb69261?s=96&d=mm&r=g\",\"caption\":\"Can Lluc\"},\"sameAs\":[\"https:\/\/www.canlluc.com\"]}]}<\/script>\n<!-- \/ Yoast SEO plugin. -->","_links":{"self":[{"href":"https:\/\/www.canlluc.com\/blog\/wp-json\/wp\/v2\/posts\/341"}],"collection":[{"href":"https:\/\/www.canlluc.com\/blog\/wp-json\/wp\/v2\/posts"}],"about":[{"href":"https:\/\/www.canlluc.com\/blog\/wp-json\/wp\/v2\/types\/post"}],"author":[{"embeddable":true,"href":"https:\/\/www.canlluc.com\/blog\/wp-json\/wp\/v2\/users\/2"}],"replies":[{"embeddable":true,"href":"https:\/\/www.canlluc.com\/blog\/wp-json\/wp\/v2\/comments?post=341"}],"version-history":[{"count":4,"href":"https:\/\/www.canlluc.com\/blog\/wp-json\/wp\/v2\/posts\/341\/revisions"}],"predecessor-version":[{"id":456,"href":"https:\/\/www.canlluc.com\/blog\/wp-json\/wp\/v2\/posts\/341\/revisions\/456"}],"wp:featuredmedia":[{"embeddable":true,"href":"https:\/\/www.canlluc.com\/blog\/wp-json\/wp\/v2\/media\/342"}],"wp:attachment":[{"href":"https:\/\/www.canlluc.com\/blog\/wp-json\/wp\/v2\/media?parent=341"}],"wp:term":[{"taxonomy":"category","embeddable":true,"href":"https:\/\/www.canlluc.com\/blog\/wp-json\/wp\/v2\/categories?post=341"},{"taxonomy":"post_tag","embeddable":true,"href":"https:\/\/www.canlluc.com\/blog\/wp-json\/wp\/v2\/tags?post=341"}],"curies":[{"name":"wp","href":"https:\/\/api.w.org\/{rel}","templated":true}]}}