{"id":3253,"date":"2022-03-28T08:43:19","date_gmt":"2022-03-28T07:43:19","guid":{"rendered":"https:\/\/www.canlluc.com\/blog\/?p=3253"},"modified":"2022-03-28T08:56:03","modified_gmt":"2022-03-28T07:56:03","slug":"el-hotel-rural-can-lluc-apuesta-por-una-marcada-responsabilidad-social-corporativa","status":"publish","type":"post","link":"https:\/\/www.canlluc.com\/blog\/el-hotel-rural-can-lluc-apuesta-por-una-marcada-responsabilidad-social-corporativa\/","title":{"rendered":"EL HOTEL RURAL CAN LLUC APUESTA POR UNA MARCADA RESPONSABILIDAD SOCIAL CORPORATIVA"},"content":{"rendered":"<p>El concepto de Responsabilidad Social Corporativa tiene un rol de vital importancia que ata\u00f1e a todas las empresas, tanto sobre sus clientes, como empleados, accionistas, comunidades locales, medioambiente y sobre la sociedad en general. Y el compromiso de Can Lluc es clave y muy marcado: \u201cLa responsabilidad social corporativa RSC, es de vital importancia para nuestro Agroturismo Can Lluc. Ello nos involucra y compromete con nuestra sociedad ibicenca, nos conecta a lo local, y nos permite ayudar a otros en el desarrollo de sus actividades. Por eso participamos en muchos proyectos a lo largo del a\u00f1o, vinculados a la isla. Uno de ellos es colaborar en el Primer Torneo de Golf del Diario de Ibiza-Trofeo Grupo Ferr\u00e1\u201d, afirma la propietaria, Tina Soriano.<\/p>\n<p>En motivo del Torneo, el Diario de Ibiza realiz\u00f3 un sorteo entre todos los jugadores con verdaderos premios de altura, tras la competici\u00f3n. Noches de alojamiento en suite con cena, cava, flores y desayuno es lo que les espera a los ganadores en el fant\u00e1stico Agroturismo Can Lluc, un oasis donde maravillarse y desconectar.<\/p>\n<p>Leer art\u00edculo completo <a href=\"https:\/\/www.diariodeibiza.es\/ibiza\/2022\/03\/23\/sorteo-altisimo-nivel-64157174.html\" target=\"_blank\" rel=\"noopener noreferrer\">aqu\u00ed<\/a>.<\/p>\n","protected":false},"excerpt":{"rendered":"<p>El concepto de Responsabilidad Social Corporativa tiene un rol de vital importancia que ata\u00f1e a todas las empresas, tanto sobre sus clientes, como empleados, accionistas, comunidades locales, medioambiente y sobre la sociedad en general. Y el compromiso de Can Lluc es clave y muy marcado: \u201cLa responsabilidad social corporativa RSC, es de vital importancia para &#8230; <a title=\"EL HOTEL RURAL CAN LLUC APUESTA POR UNA MARCADA RESPONSABILIDAD SOCIAL CORPORATIVA\" class=\"read-more\" href=\"https:\/\/www.canlluc.com\/blog\/el-hotel-rural-can-lluc-apuesta-por-una-marcada-responsabilidad-social-corporativa\/\" aria-label=\"M\u00e1s en EL HOTEL RURAL CAN LLUC APUESTA POR UNA MARCADA RESPONSABILIDAD SOCIAL CORPORATIVA\">Leer m\u00e1s<\/a><\/p>\n","protected":false},"author":2,"featured_media":3255,"comment_status":"open","ping_status":"open","sticky":false,"template":"","format":"standard","meta":[],"categories":[143],"tags":[],"yoast_head":"<!-- This site is optimized with the Yoast SEO plugin v15.2.1 - https:\/\/yoast.com\/wordpress\/plugins\/seo\/ -->\n<title>EL HOTEL RURAL CAN LLUC APUESTA POR UNA MARCADA RESPONSABILIDAD SOCIAL CORPORATIVA - Can Lluc | Blog<\/title>\n<meta name=\"robots\" content=\"index, follow, max-snippet:-1, max-image-preview:large, max-video-preview:-1\" \/>\n<link rel=\"canonical\" href=\"https:\/\/www.canlluc.com\/blog\/el-hotel-rural-can-lluc-apuesta-por-una-marcada-responsabilidad-social-corporativa\/\" \/>\n<meta property=\"og:locale\" content=\"es_ES\" \/>\n<meta property=\"og:type\" content=\"article\" \/>\n<meta property=\"og:title\" content=\"EL HOTEL RURAL CAN LLUC APUESTA POR UNA MARCADA RESPONSABILIDAD SOCIAL CORPORATIVA - Can Lluc | Blog\" \/>\n<meta property=\"og:description\" content=\"El concepto de Responsabilidad Social Corporativa tiene un rol de vital importancia que ata\u00f1e a todas las empresas, tanto sobre sus clientes, como empleados, accionistas, comunidades locales, medioambiente y sobre la sociedad en general. Y el compromiso de Can Lluc es clave y muy marcado: \u201cLa responsabilidad social corporativa RSC, es de vital importancia para ... Leer m\u00e1s\" \/>\n<meta property=\"og:url\" content=\"https:\/\/www.canlluc.com\/blog\/el-hotel-rural-can-lluc-apuesta-por-una-marcada-responsabilidad-social-corporativa\/\" \/>\n<meta property=\"og:site_name\" content=\"Can Lluc | Blog\" \/>\n<meta property=\"article:published_time\" content=\"2022-03-28T07:43:19+00:00\" \/>\n<meta property=\"article:modified_time\" content=\"2022-03-28T07:56:03+00:00\" \/>\n<meta property=\"og:image\" content=\"https:\/\/www.canlluc.com\/blog\/wp-content\/uploads\/2022\/03\/portada-diario-ibiza.jpg\" \/>\n\t<meta property=\"og:image:width\" content=\"1011\" \/>\n\t<meta property=\"og:image:height\" content=\"773\" \/>\n<meta name=\"twitter:card\" content=\"summary\" \/>\n<meta name=\"twitter:label1\" content=\"Escrito por\">\n\t<meta name=\"twitter:data1\" content=\"Can Lluc\">\n\t<meta name=\"twitter:label2\" content=\"Tiempo de lectura\">\n\t<meta name=\"twitter:data2\" content=\"1 minuto\">\n<script type=\"application\/ld+json\" class=\"yoast-schema-graph\">{\"@context\":\"https:\/\/schema.org\",\"@graph\":[{\"@type\":\"WebSite\",\"@id\":\"https:\/\/www.canlluc.com\/blog\/#website\",\"url\":\"https:\/\/www.canlluc.com\/blog\/\",\"name\":\"Can Lluc | Blog\",\"description\":\"Historias mediterr\\u00e1neas, calma junto al mar y experiencias en Ibiza\",\"potentialAction\":[{\"@type\":\"SearchAction\",\"target\":\"https:\/\/www.canlluc.com\/blog\/?s={search_term_string}\",\"query-input\":\"required name=search_term_string\"}],\"inLanguage\":\"es\"},{\"@type\":\"ImageObject\",\"@id\":\"https:\/\/www.canlluc.com\/blog\/el-hotel-rural-can-lluc-apuesta-por-una-marcada-responsabilidad-social-corporativa\/#primaryimage\",\"inLanguage\":\"es\",\"url\":\"https:\/\/www.canlluc.com\/blog\/wp-content\/uploads\/2022\/03\/portada-diario-ibiza.jpg\",\"width\":1011,\"height\":773},{\"@type\":\"WebPage\",\"@id\":\"https:\/\/www.canlluc.com\/blog\/el-hotel-rural-can-lluc-apuesta-por-una-marcada-responsabilidad-social-corporativa\/#webpage\",\"url\":\"https:\/\/www.canlluc.com\/blog\/el-hotel-rural-can-lluc-apuesta-por-una-marcada-responsabilidad-social-corporativa\/\",\"name\":\"EL HOTEL RURAL CAN LLUC APUESTA POR UNA MARCADA RESPONSABILIDAD SOCIAL CORPORATIVA - Can Lluc | Blog\",\"isPartOf\":{\"@id\":\"https:\/\/www.canlluc.com\/blog\/#website\"},\"primaryImageOfPage\":{\"@id\":\"https:\/\/www.canlluc.com\/blog\/el-hotel-rural-can-lluc-apuesta-por-una-marcada-responsabilidad-social-corporativa\/#primaryimage\"},\"datePublished\":\"2022-03-28T07:43:19+00:00\",\"dateModified\":\"2022-03-28T07:56:03+00:00\",\"author\":{\"@id\":\"https:\/\/www.canlluc.com\/blog\/#\/schema\/person\/d1f0ed1fabfe2418dbb130903246f8f4\"},\"breadcrumb\":{\"@id\":\"https:\/\/www.canlluc.com\/blog\/el-hotel-rural-can-lluc-apuesta-por-una-marcada-responsabilidad-social-corporativa\/#breadcrumb\"},\"inLanguage\":\"es\",\"potentialAction\":[{\"@type\":\"ReadAction\",\"target\":[\"https:\/\/www.canlluc.com\/blog\/el-hotel-rural-can-lluc-apuesta-por-una-marcada-responsabilidad-social-corporativa\/\"]}]},{\"@type\":\"BreadcrumbList\",\"@id\":\"https:\/\/www.canlluc.com\/blog\/el-hotel-rural-can-lluc-apuesta-por-una-marcada-responsabilidad-social-corporativa\/#breadcrumb\",\"itemListElement\":[{\"@type\":\"ListItem\",\"position\":1,\"item\":{\"@type\":\"WebPage\",\"@id\":\"https:\/\/www.canlluc.com\/blog\/\",\"url\":\"https:\/\/www.canlluc.com\/blog\/\",\"name\":\"Home\"}},{\"@type\":\"ListItem\",\"position\":2,\"item\":{\"@type\":\"WebPage\",\"@id\":\"https:\/\/www.canlluc.com\/blog\/el-hotel-rural-can-lluc-apuesta-por-una-marcada-responsabilidad-social-corporativa\/\",\"url\":\"https:\/\/www.canlluc.com\/blog\/el-hotel-rural-can-lluc-apuesta-por-una-marcada-responsabilidad-social-corporativa\/\",\"name\":\"EL HOTEL RURAL CAN LLUC APUESTA POR UNA MARCADA RESPONSABILIDAD SOCIAL CORPORATIVA\"}}]},{\"@type\":\"Person\",\"@id\":\"https:\/\/www.canlluc.com\/blog\/#\/schema\/person\/d1f0ed1fabfe2418dbb130903246f8f4\",\"name\":\"Can Lluc\",\"image\":{\"@type\":\"ImageObject\",\"@id\":\"https:\/\/www.canlluc.com\/blog\/#personlogo\",\"inLanguage\":\"es\",\"url\":\"https:\/\/secure.gravatar.com\/avatar\/6d6f4ca47e6f2202cafd25ec9fb69261?s=96&d=mm&r=g\",\"caption\":\"Can Lluc\"},\"sameAs\":[\"https:\/\/www.canlluc.com\"]}]}<\/script>\n<!-- \/ Yoast SEO plugin. -->","_links":{"self":[{"href":"https:\/\/www.canlluc.com\/blog\/wp-json\/wp\/v2\/posts\/3253"}],"collection":[{"href":"https:\/\/www.canlluc.com\/blog\/wp-json\/wp\/v2\/posts"}],"about":[{"href":"https:\/\/www.canlluc.com\/blog\/wp-json\/wp\/v2\/types\/post"}],"author":[{"embeddable":true,"href":"https:\/\/www.canlluc.com\/blog\/wp-json\/wp\/v2\/users\/2"}],"replies":[{"embeddable":true,"href":"https:\/\/www.canlluc.com\/blog\/wp-json\/wp\/v2\/comments?post=3253"}],"version-history":[{"count":3,"href":"https:\/\/www.canlluc.com\/blog\/wp-json\/wp\/v2\/posts\/3253\/revisions"}],"predecessor-version":[{"id":3260,"href":"https:\/\/www.canlluc.com\/blog\/wp-json\/wp\/v2\/posts\/3253\/revisions\/3260"}],"wp:featuredmedia":[{"embeddable":true,"href":"https:\/\/www.canlluc.com\/blog\/wp-json\/wp\/v2\/media\/3255"}],"wp:attachment":[{"href":"https:\/\/www.canlluc.com\/blog\/wp-json\/wp\/v2\/media?parent=3253"}],"wp:term":[{"taxonomy":"category","embeddable":true,"href":"https:\/\/www.canlluc.com\/blog\/wp-json\/wp\/v2\/categories?post=3253"},{"taxonomy":"post_tag","embeddable":true,"href":"https:\/\/www.canlluc.com\/blog\/wp-json\/wp\/v2\/tags?post=3253"}],"curies":[{"name":"wp","href":"https:\/\/api.w.org\/{rel}","templated":true}]}}