{"id":2113,"date":"2021-03-19T14:32:35","date_gmt":"2021-03-19T13:32:35","guid":{"rendered":"https:\/\/www.canlluc.com\/blog\/?p=2113"},"modified":"2021-04-07T19:39:49","modified_gmt":"2021-04-07T18:39:49","slug":"conectar-con-la-naturaleza-para-el-dia-del-padre-en-can-lluc","status":"publish","type":"post","link":"https:\/\/www.canlluc.com\/blog\/conectar-con-la-naturaleza-para-el-dia-del-padre-en-can-lluc\/","title":{"rendered":"VozP\u00f3puli (Gentleman): Conectar con la naturaleza para el D\u00eda del Padre en Can Lluc"},"content":{"rendered":"\n<h3 class=\"wp-block-heading\">De Barcelona a Gran Canaria: hoteles exclusivos para celebrar este d\u00eda tan especial<\/h3>\n\n\n\n<p>VozP\u00f3puli (Gentleman) selecciona siete hoteles sin\u00f3nimo de elegancia y bienestar, todos ellos comprendidos en el marco de la celebraci\u00f3n y la desconexi\u00f3n del cuerpo y la mente. Entre ellos, destacan a Can Lluc.<br><br>En su oferta para el D\u00eda del Padre, el hotel ha dise\u00f1ado dos modalidades de estancias para regalar: por un lado, una noche con desayuno y cena <em>gourmet<\/em>, clase de yoga o ba\u00f1o en el bosque y acceso a la zona <em>wellness<\/em>; o bien, una noche de estancia en habitaci\u00f3n familiar, con cena, desayuno, una visita a las cuevas de Can Mar\u00e7a y la posibilidad de realizar juegos y actividades en familia con un monitor especializado. La naturaleza en todo su esplendor se convierte en el escenario perfecto para desconectar, en este caso, en un lujoso hotel <em>boutique<\/em> con m\u00e1s de 300 a\u00f1os de antig\u00fcedad.<br><br>Seguir leyendo la noticia <a href=\"https:\/\/www.vozpopuli.com\/gentleman\/gentlemania\/de-barcelona-a-gran-canaria-hoteles-exclusivos-para-celebrar-el-dia-del-padre.html\" target=\"_blank\" rel=\"noreferrer noopener\">aqu\u00ed<\/a>.<\/p>\n","protected":false},"excerpt":{"rendered":"<p>De Barcelona a Gran Canaria: hoteles exclusivos para celebrar este d\u00eda tan especial VozP\u00f3puli (Gentleman) selecciona siete hoteles sin\u00f3nimo de elegancia y bienestar, todos ellos comprendidos en el marco de la celebraci\u00f3n y la desconexi\u00f3n del cuerpo y la mente. Entre ellos, destacan a Can Lluc. En su oferta para el D\u00eda del Padre, el &#8230; <a title=\"VozP\u00f3puli (Gentleman): Conectar con la naturaleza para el D\u00eda del Padre en Can Lluc\" class=\"read-more\" href=\"https:\/\/www.canlluc.com\/blog\/conectar-con-la-naturaleza-para-el-dia-del-padre-en-can-lluc\/\" aria-label=\"M\u00e1s en VozP\u00f3puli (Gentleman): Conectar con la naturaleza para el D\u00eda del Padre en Can Lluc\">Leer m\u00e1s<\/a><\/p>\n","protected":false},"author":2,"featured_media":2114,"comment_status":"open","ping_status":"open","sticky":false,"template":"","format":"standard","meta":[],"categories":[143],"tags":[],"yoast_head":"<!-- This site is optimized with the Yoast SEO plugin v15.2.1 - https:\/\/yoast.com\/wordpress\/plugins\/seo\/ -->\n<title>VozP\u00f3puli (Gentleman): Conectar con la naturaleza para el D\u00eda del Padre en Can Lluc - Can Lluc | Blog<\/title>\n<meta name=\"robots\" content=\"index, follow, max-snippet:-1, max-image-preview:large, max-video-preview:-1\" \/>\n<link rel=\"canonical\" href=\"https:\/\/www.canlluc.com\/blog\/conectar-con-la-naturaleza-para-el-dia-del-padre-en-can-lluc\/\" \/>\n<meta property=\"og:locale\" content=\"es_ES\" \/>\n<meta property=\"og:type\" content=\"article\" \/>\n<meta property=\"og:title\" content=\"VozP\u00f3puli (Gentleman): Conectar con la naturaleza para el D\u00eda del Padre en Can Lluc - Can Lluc | Blog\" \/>\n<meta property=\"og:description\" content=\"De Barcelona a Gran Canaria: hoteles exclusivos para celebrar este d\u00eda tan especial VozP\u00f3puli (Gentleman) selecciona siete hoteles sin\u00f3nimo de elegancia y bienestar, todos ellos comprendidos en el marco de la celebraci\u00f3n y la desconexi\u00f3n del cuerpo y la mente. Entre ellos, destacan a Can Lluc. En su oferta para el D\u00eda del Padre, el ... Leer m\u00e1s\" \/>\n<meta property=\"og:url\" content=\"https:\/\/www.canlluc.com\/blog\/conectar-con-la-naturaleza-para-el-dia-del-padre-en-can-lluc\/\" \/>\n<meta property=\"og:site_name\" content=\"Can Lluc | Blog\" \/>\n<meta property=\"article:published_time\" content=\"2021-03-19T13:32:35+00:00\" \/>\n<meta property=\"article:modified_time\" content=\"2021-04-07T18:39:49+00:00\" \/>\n<meta property=\"og:image\" content=\"https:\/\/www.canlluc.com\/blog\/wp-content\/uploads\/2021\/03\/villa-13-z060y9g4en-1024x640-1.jpg\" \/>\n\t<meta property=\"og:image:width\" content=\"1024\" \/>\n\t<meta property=\"og:image:height\" content=\"640\" \/>\n<meta name=\"twitter:card\" content=\"summary\" \/>\n<meta name=\"twitter:label1\" content=\"Escrito por\">\n\t<meta name=\"twitter:data1\" content=\"Can Lluc\">\n\t<meta name=\"twitter:label2\" content=\"Tiempo de lectura\">\n\t<meta name=\"twitter:data2\" content=\"1 minuto\">\n<script type=\"application\/ld+json\" class=\"yoast-schema-graph\">{\"@context\":\"https:\/\/schema.org\",\"@graph\":[{\"@type\":\"WebSite\",\"@id\":\"https:\/\/www.canlluc.com\/blog\/#website\",\"url\":\"https:\/\/www.canlluc.com\/blog\/\",\"name\":\"Can Lluc | Blog\",\"description\":\"Historias mediterr\\u00e1neas, calma junto al mar y experiencias en Ibiza\",\"potentialAction\":[{\"@type\":\"SearchAction\",\"target\":\"https:\/\/www.canlluc.com\/blog\/?s={search_term_string}\",\"query-input\":\"required name=search_term_string\"}],\"inLanguage\":\"es\"},{\"@type\":\"ImageObject\",\"@id\":\"https:\/\/www.canlluc.com\/blog\/conectar-con-la-naturaleza-para-el-dia-del-padre-en-can-lluc\/#primaryimage\",\"inLanguage\":\"es\",\"url\":\"https:\/\/www.canlluc.com\/blog\/wp-content\/uploads\/2021\/03\/villa-13-z060y9g4en-1024x640-1.jpg\",\"width\":1024,\"height\":640},{\"@type\":\"WebPage\",\"@id\":\"https:\/\/www.canlluc.com\/blog\/conectar-con-la-naturaleza-para-el-dia-del-padre-en-can-lluc\/#webpage\",\"url\":\"https:\/\/www.canlluc.com\/blog\/conectar-con-la-naturaleza-para-el-dia-del-padre-en-can-lluc\/\",\"name\":\"VozP\\u00f3puli (Gentleman): Conectar con la naturaleza para el D\\u00eda del Padre en Can Lluc - Can Lluc | Blog\",\"isPartOf\":{\"@id\":\"https:\/\/www.canlluc.com\/blog\/#website\"},\"primaryImageOfPage\":{\"@id\":\"https:\/\/www.canlluc.com\/blog\/conectar-con-la-naturaleza-para-el-dia-del-padre-en-can-lluc\/#primaryimage\"},\"datePublished\":\"2021-03-19T13:32:35+00:00\",\"dateModified\":\"2021-04-07T18:39:49+00:00\",\"author\":{\"@id\":\"https:\/\/www.canlluc.com\/blog\/#\/schema\/person\/d1f0ed1fabfe2418dbb130903246f8f4\"},\"breadcrumb\":{\"@id\":\"https:\/\/www.canlluc.com\/blog\/conectar-con-la-naturaleza-para-el-dia-del-padre-en-can-lluc\/#breadcrumb\"},\"inLanguage\":\"es\",\"potentialAction\":[{\"@type\":\"ReadAction\",\"target\":[\"https:\/\/www.canlluc.com\/blog\/conectar-con-la-naturaleza-para-el-dia-del-padre-en-can-lluc\/\"]}]},{\"@type\":\"BreadcrumbList\",\"@id\":\"https:\/\/www.canlluc.com\/blog\/conectar-con-la-naturaleza-para-el-dia-del-padre-en-can-lluc\/#breadcrumb\",\"itemListElement\":[{\"@type\":\"ListItem\",\"position\":1,\"item\":{\"@type\":\"WebPage\",\"@id\":\"https:\/\/www.canlluc.com\/blog\/\",\"url\":\"https:\/\/www.canlluc.com\/blog\/\",\"name\":\"Home\"}},{\"@type\":\"ListItem\",\"position\":2,\"item\":{\"@type\":\"WebPage\",\"@id\":\"https:\/\/www.canlluc.com\/blog\/conectar-con-la-naturaleza-para-el-dia-del-padre-en-can-lluc\/\",\"url\":\"https:\/\/www.canlluc.com\/blog\/conectar-con-la-naturaleza-para-el-dia-del-padre-en-can-lluc\/\",\"name\":\"VozP\\u00f3puli (Gentleman): Conectar con la naturaleza para el D\\u00eda del Padre en Can Lluc\"}}]},{\"@type\":\"Person\",\"@id\":\"https:\/\/www.canlluc.com\/blog\/#\/schema\/person\/d1f0ed1fabfe2418dbb130903246f8f4\",\"name\":\"Can Lluc\",\"image\":{\"@type\":\"ImageObject\",\"@id\":\"https:\/\/www.canlluc.com\/blog\/#personlogo\",\"inLanguage\":\"es\",\"url\":\"https:\/\/secure.gravatar.com\/avatar\/6d6f4ca47e6f2202cafd25ec9fb69261?s=96&d=mm&r=g\",\"caption\":\"Can Lluc\"},\"sameAs\":[\"https:\/\/www.canlluc.com\"]}]}<\/script>\n<!-- \/ Yoast SEO plugin. -->","_links":{"self":[{"href":"https:\/\/www.canlluc.com\/blog\/wp-json\/wp\/v2\/posts\/2113"}],"collection":[{"href":"https:\/\/www.canlluc.com\/blog\/wp-json\/wp\/v2\/posts"}],"about":[{"href":"https:\/\/www.canlluc.com\/blog\/wp-json\/wp\/v2\/types\/post"}],"author":[{"embeddable":true,"href":"https:\/\/www.canlluc.com\/blog\/wp-json\/wp\/v2\/users\/2"}],"replies":[{"embeddable":true,"href":"https:\/\/www.canlluc.com\/blog\/wp-json\/wp\/v2\/comments?post=2113"}],"version-history":[{"count":3,"href":"https:\/\/www.canlluc.com\/blog\/wp-json\/wp\/v2\/posts\/2113\/revisions"}],"predecessor-version":[{"id":2158,"href":"https:\/\/www.canlluc.com\/blog\/wp-json\/wp\/v2\/posts\/2113\/revisions\/2158"}],"wp:featuredmedia":[{"embeddable":true,"href":"https:\/\/www.canlluc.com\/blog\/wp-json\/wp\/v2\/media\/2114"}],"wp:attachment":[{"href":"https:\/\/www.canlluc.com\/blog\/wp-json\/wp\/v2\/media?parent=2113"}],"wp:term":[{"taxonomy":"category","embeddable":true,"href":"https:\/\/www.canlluc.com\/blog\/wp-json\/wp\/v2\/categories?post=2113"},{"taxonomy":"post_tag","embeddable":true,"href":"https:\/\/www.canlluc.com\/blog\/wp-json\/wp\/v2\/tags?post=2113"}],"curies":[{"name":"wp","href":"https:\/\/api.w.org\/{rel}","templated":true}]}}