{"id":1729,"date":"2019-11-22T15:02:32","date_gmt":"2019-11-22T14:02:32","guid":{"rendered":"https:\/\/www.canlluc.com\/blog\/?p=1729"},"modified":"2020-02-11T17:03:27","modified_gmt":"2020-02-11T16:03:27","slug":"ibiza-5-sentidos-51-restaurantes-de-la-isla-de-ibiza-participan-en-las-jornadas-gastronomicas-de-otono","status":"publish","type":"post","link":"https:\/\/www.canlluc.com\/blog\/ibiza-5-sentidos-51-restaurantes-de-la-isla-de-ibiza-participan-en-las-jornadas-gastronomicas-de-otono\/","title":{"rendered":"IBIZA 5 SENTIDOS: 51 restaurantes de la isla de Ibiza participan en las jornadas gastron\u00f3micas de oto\u00f1o"},"content":{"rendered":"\n<p>Can Lluc es uno de los restaurantes que participan en las jornadas gastron\u00f3micas y <a href=\"https:\/\/www.ibiza5sentidos.es\/ibiza-sabor-2019\/\">Ibiza 5 sentidos<\/a> habla de ello.<\/p>\n\n\n\n<hr class=\"wp-block-separator is-style-default\"\/>\n\n\n\n<figure class=\"wp-block-image size-large\"><img decoding=\"async\" loading=\"lazy\" width=\"726\" height=\"1024\" src=\"https:\/\/www.canlluc.com\/blog\/wp-content\/uploads\/2020\/02\/posterIbizaSabor2019-726x1024.jpg\" alt=\"\" class=\"wp-image-1730\" srcset=\"https:\/\/www.canlluc.com\/blog\/wp-content\/uploads\/2020\/02\/posterIbizaSabor2019-726x1024.jpg 726w, https:\/\/www.canlluc.com\/blog\/wp-content\/uploads\/2020\/02\/posterIbizaSabor2019-213x300.jpg 213w, https:\/\/www.canlluc.com\/blog\/wp-content\/uploads\/2020\/02\/posterIbizaSabor2019-768x1084.jpg 768w, https:\/\/www.canlluc.com\/blog\/wp-content\/uploads\/2020\/02\/posterIbizaSabor2019.jpg 800w\" sizes=\"(max-width: 726px) 100vw, 726px\" \/><\/figure>\n\n\n\n<p>Del 31 de diciembre al 5 de diciembre se celebra la XIII edici\u00f3n de las jornadas gastron\u00f3micas Ibiza Sabor, en su versi\u00f3n de oto\u00f1o, en las que participan un total de 51 restaurantes de toda la isla, lo que constituye un r\u00e9cord en la temporada de oto\u00f1o e invierno.<\/p>\n\n\n\n<p>Los restaurantes ofrecen men\u00fas a 25 euros, con vino de la tierra aparte, y una selecci\u00f3n de tapas a 7 euros, que incluyen una copa de vino de bodegas locales. Adem\u00e1s, este a\u00f1o, los restaurantes ofrecen gratuitamente una cata de aceite de oliva de Eivissa en la mesa, en una cosecha hist\u00f3rica para la isla ya que, por primera vez, cuatro marcas empiezan a envasar su producto con la Indicaci\u00f3n Geogr\u00e1fica Protegida \u2018Aceite de Ibiza\u2019: Se trata de Can Miquel Guasch, Oli d\u2019E (Oli Eivissenc des Trull de Sant Joan), Can Rich y Joan Benet. Una cosecha hist\u00f3rica, adem\u00e1s, por la cantidad y la calidad de los aceites que ahora mismo se est\u00e1n produciendo.<br>De esta forma, los residentes y turistas que lleguen a Ibiza en esta \u00e9poca podr\u00e1n disfrutar de platos tan tradicionales como el \u2018bullit de peix\u2019, el arroz de matanzas, la frita de pulpo, la \u2018greixonera\u2019 y un largo etc\u00e9tera. En esta edici\u00f3n, adem\u00e1s, se incorpora una gran cantidad de nuevos restaurantes que, en alg\u00fan caso, ofrecen opciones vegetarianas y veganas.<\/p>\n\n\n\n<p><strong>Gastroeventos<\/strong><br>En paralelo a las degustaciones que han preparado los restaurantes, se celebran cinco actividades o gastroeventos de asistencia gratuita, aunque con un cupo limitado de personas. Requieren inscripci\u00f3n previa a trav\u00e9s del correo electr\u00f3nico ibizasabor@gmail.com o el tel\u00e9fono 626 904 728. Se ofrecer\u00e1 un servicio de autob\u00fas gratuito desde los Multicines Eivissa para las actividades con asterisco (*), con salida media hora antes de la hora de inicio indicada para cada actividad y hora de regreso al mismo sitio media hora despu\u00e9s de la hora de finalizaci\u00f3n indicada en cada caso.<\/p>\n\n\n\n<p><strong>III Taller de cocina tradicional (postres navide\u00f1os)<\/strong><br>El 2 de noviembre, de 10,30 a 13,30, se celebra el III Taller de Cocina Tradicional, en Can Planetes, antigua casa payesa con un molino de origen medieval, que acoge el Centro de Interpretaci\u00f3n del R\u00edo de Santa Eul\u00e0ria. En este marco, el taller de postres de Navidad va a tener como protagonista a la almendra, otro producto emblem\u00e1tico, junto a grandes maestras de la cocina ibicenca: Catalina Riera, del restaurante Ca n\u2019Alfredo, explicar\u00e1 c\u00f3mo se prepara la salsa de Nadal. Por su parte, Mar\u00eda Mar\u00ed, de Can Serra, y Antonia Torres, de Can Cova Camp, mostrar\u00e1n c\u00f3mo se elabora el \u2018bescuit\u2019 que acompa\u00f1a a la salsa de Nadal. Por \u00faltimo, Mar\u00eda Ribas, de Can Corda, explicar\u00e1 una receta antigua de turr\u00f3n \u2018pag\u00e8s\u2019, que se ha transmitido a trav\u00e9s de varias generaciones en Sant Josep. Puede asistir un m\u00e1ximo de 25 personas<\/p>\n\n\n\n<p><strong>III Fiesta del aceite de Ibiza (*)<\/strong><br>En colaboraci\u00f3n con la Agrupaci\u00f3n del Olivar de Ibiza, el s\u00e1bado 9 de noviembre, de 16 a 18 horas, los asistentes podr\u00e1n catar en la almazara de Sant Joan los aceites frescos con Indicaci\u00f3n Geogr\u00e1fica Protegida y tambi\u00e9n comprender la importancia del cultivo del olivar y de la producci\u00f3n de aceite en la isla, de la mano de la arque\u00f3loga Glenda Graziani, cuyas investigaciones han constatado que en el siglo III a.C. ya exist\u00edan en Eivissa 23 explotaciones agr\u00edcolas que produc\u00edan entre 30.000 y 60.000 litros de aceite, hecho de gran trascendencia para explicar la actividad oleica en Espa\u00f1a.<\/p>\n\n\n\n<p>La ruta entre la almazara moderna y el trull antiguo permitir\u00e1 a los asistentes disfrutar tambi\u00e9n, esta misma jornada, de la XIV Festa de s\u2019Oli en Es Trull de Can Pep de Sa Plana (Buscastell). Seg\u00fan los expertos, la isla de Ibiza es el \u00fanico lugar del pa\u00eds donde se han conservado los trulls antiguos en funcionamiento y donde hoy en d\u00eda se puede ver el todo el proceso, exactamente igual que hace un siglo. La visita tiene un m\u00e1ximo de 55 plazas.<\/p>\n\n\n\n<p><strong>Azafr\u00e1n: el oro rojo de Ibiza (*)<\/strong><br>Gracias al esfuerzo de una nueva generaci\u00f3n de agricultores, se est\u00e1n recuperando productos que se hab\u00edan perdido. Es el caso del \u2018oro rojo\u2019 de Eivissa, el azafr\u00e1n, elemento estrella en la visita a la finca de Can Joan Fornet (Buscastell), donde Toni Tur lo recolecta, adem\u00e1s de cultivar hortalizas de temporada. Esta visita ser\u00e1 el domingo 17 de noviembre, de 16,30 a 18 horas. M\u00e1ximo: 55 plazas.<\/p>\n\n\n\n<p><strong>La sobrasada de Ibiza: una joya gastron\u00f3mica (*)<\/strong><br>En \u00e9poca de matanzas, la sobrasada, otra joya gastron\u00f3mica local, ser\u00e1 el hilo conductor de un recorrido paisaj\u00edstico y cultural que incluir\u00e1 desde la granja hasta el taller de Es Cuc\u00f3 (Sant Agust\u00ed) donde se fabrica de forma artesanal este producto bajo marca de garant\u00eda Ibiza. Ser\u00e1 el s\u00e1bado 23 de noviembre, de 10 a 13,30 horas, con un cupo m\u00e1ximo de 20 personas.<\/p>\n\n\n\n<p><strong>Taller artesanal de queso de Ses Cabretes (*)<\/strong><br>Entre los productos \u00fanicos por su calidad y sabor se encuentra tambi\u00e9n el queso Ses Cabretes. El viernes 6 de diciembre, de 16,30 a 20 horas, un m\u00e1ximo de 15 personas podr\u00e1n vivir la experiencia diaria de Fina Prats y Pilar Gonz\u00e1lez, para recuperar el sabor del queso que se elaboraba de forma artesanal en las casas de la isla, con leche de cabra y cuajo vegetal.<\/p>\n","protected":false},"excerpt":{"rendered":"<p>Can Lluc es uno de los restaurantes que participan en las jornadas gastron\u00f3micas y Ibiza 5 sentidos habla de ello. Del 31 de diciembre al 5 de diciembre se celebra la XIII edici\u00f3n de las jornadas gastron\u00f3micas Ibiza Sabor, en su versi\u00f3n de oto\u00f1o, en las que participan un total de 51 restaurantes de toda &#8230; <a title=\"IBIZA 5 SENTIDOS: 51 restaurantes de la isla de Ibiza participan en las jornadas gastron\u00f3micas de oto\u00f1o\" class=\"read-more\" href=\"https:\/\/www.canlluc.com\/blog\/ibiza-5-sentidos-51-restaurantes-de-la-isla-de-ibiza-participan-en-las-jornadas-gastronomicas-de-otono\/\" aria-label=\"M\u00e1s en IBIZA 5 SENTIDOS: 51 restaurantes de la isla de Ibiza participan en las jornadas gastron\u00f3micas de oto\u00f1o\">Leer m\u00e1s<\/a><\/p>\n","protected":false},"author":2,"featured_media":1733,"comment_status":"open","ping_status":"open","sticky":false,"template":"","format":"standard","meta":[],"categories":[143],"tags":[],"yoast_head":"<!-- This site is optimized with the Yoast SEO plugin v15.2.1 - https:\/\/yoast.com\/wordpress\/plugins\/seo\/ -->\n<title>IBIZA 5 SENTIDOS: 51 restaurantes de la isla de Ibiza participan en las jornadas gastron\u00f3micas de oto\u00f1o - Can Lluc | Blog<\/title>\n<meta name=\"robots\" content=\"index, follow, max-snippet:-1, max-image-preview:large, max-video-preview:-1\" \/>\n<link rel=\"canonical\" href=\"https:\/\/www.canlluc.com\/blog\/ibiza-5-sentidos-51-restaurantes-de-la-isla-de-ibiza-participan-en-las-jornadas-gastronomicas-de-otono\/\" \/>\n<meta property=\"og:locale\" content=\"es_ES\" \/>\n<meta property=\"og:type\" content=\"article\" \/>\n<meta property=\"og:title\" content=\"IBIZA 5 SENTIDOS: 51 restaurantes de la isla de Ibiza participan en las jornadas gastron\u00f3micas de oto\u00f1o - Can Lluc | Blog\" \/>\n<meta property=\"og:description\" content=\"Can Lluc es uno de los restaurantes que participan en las jornadas gastron\u00f3micas y Ibiza 5 sentidos habla de ello. Del 31 de diciembre al 5 de diciembre se celebra la XIII edici\u00f3n de las jornadas gastron\u00f3micas Ibiza Sabor, en su versi\u00f3n de oto\u00f1o, en las que participan un total de 51 restaurantes de toda ... Leer m\u00e1s\" \/>\n<meta property=\"og:url\" content=\"https:\/\/www.canlluc.com\/blog\/ibiza-5-sentidos-51-restaurantes-de-la-isla-de-ibiza-participan-en-las-jornadas-gastronomicas-de-otono\/\" \/>\n<meta property=\"og:site_name\" content=\"Can Lluc | Blog\" \/>\n<meta property=\"article:published_time\" content=\"2019-11-22T14:02:32+00:00\" \/>\n<meta property=\"article:modified_time\" content=\"2020-02-11T16:03:27+00:00\" \/>\n<meta property=\"og:image\" content=\"https:\/\/www.canlluc.com\/blog\/wp-content\/uploads\/2020\/02\/27918840398_10b4e58441_o-scaled.jpg\" \/>\n\t<meta property=\"og:image:width\" content=\"2560\" \/>\n\t<meta property=\"og:image:height\" content=\"1707\" \/>\n<meta name=\"twitter:card\" content=\"summary\" \/>\n<meta name=\"twitter:label1\" content=\"Escrito por\">\n\t<meta name=\"twitter:data1\" content=\"Can Lluc\">\n\t<meta name=\"twitter:label2\" content=\"Tiempo de lectura\">\n\t<meta name=\"twitter:data2\" content=\"4 minutos\">\n<script type=\"application\/ld+json\" class=\"yoast-schema-graph\">{\"@context\":\"https:\/\/schema.org\",\"@graph\":[{\"@type\":\"WebSite\",\"@id\":\"https:\/\/www.canlluc.com\/blog\/#website\",\"url\":\"https:\/\/www.canlluc.com\/blog\/\",\"name\":\"Can Lluc | Blog\",\"description\":\"Historias mediterr\\u00e1neas, calma junto al mar y experiencias en Ibiza\",\"potentialAction\":[{\"@type\":\"SearchAction\",\"target\":\"https:\/\/www.canlluc.com\/blog\/?s={search_term_string}\",\"query-input\":\"required name=search_term_string\"}],\"inLanguage\":\"es\"},{\"@type\":\"ImageObject\",\"@id\":\"https:\/\/www.canlluc.com\/blog\/ibiza-5-sentidos-51-restaurantes-de-la-isla-de-ibiza-participan-en-las-jornadas-gastronomicas-de-otono\/#primaryimage\",\"inLanguage\":\"es\",\"url\":\"https:\/\/www.canlluc.com\/blog\/wp-content\/uploads\/2020\/02\/27918840398_10b4e58441_o-scaled.jpg\",\"width\":2560,\"height\":1707},{\"@type\":\"WebPage\",\"@id\":\"https:\/\/www.canlluc.com\/blog\/ibiza-5-sentidos-51-restaurantes-de-la-isla-de-ibiza-participan-en-las-jornadas-gastronomicas-de-otono\/#webpage\",\"url\":\"https:\/\/www.canlluc.com\/blog\/ibiza-5-sentidos-51-restaurantes-de-la-isla-de-ibiza-participan-en-las-jornadas-gastronomicas-de-otono\/\",\"name\":\"IBIZA 5 SENTIDOS: 51 restaurantes de la isla de Ibiza participan en las jornadas gastron\\u00f3micas de oto\\u00f1o - Can Lluc | Blog\",\"isPartOf\":{\"@id\":\"https:\/\/www.canlluc.com\/blog\/#website\"},\"primaryImageOfPage\":{\"@id\":\"https:\/\/www.canlluc.com\/blog\/ibiza-5-sentidos-51-restaurantes-de-la-isla-de-ibiza-participan-en-las-jornadas-gastronomicas-de-otono\/#primaryimage\"},\"datePublished\":\"2019-11-22T14:02:32+00:00\",\"dateModified\":\"2020-02-11T16:03:27+00:00\",\"author\":{\"@id\":\"https:\/\/www.canlluc.com\/blog\/#\/schema\/person\/d1f0ed1fabfe2418dbb130903246f8f4\"},\"breadcrumb\":{\"@id\":\"https:\/\/www.canlluc.com\/blog\/ibiza-5-sentidos-51-restaurantes-de-la-isla-de-ibiza-participan-en-las-jornadas-gastronomicas-de-otono\/#breadcrumb\"},\"inLanguage\":\"es\",\"potentialAction\":[{\"@type\":\"ReadAction\",\"target\":[\"https:\/\/www.canlluc.com\/blog\/ibiza-5-sentidos-51-restaurantes-de-la-isla-de-ibiza-participan-en-las-jornadas-gastronomicas-de-otono\/\"]}]},{\"@type\":\"BreadcrumbList\",\"@id\":\"https:\/\/www.canlluc.com\/blog\/ibiza-5-sentidos-51-restaurantes-de-la-isla-de-ibiza-participan-en-las-jornadas-gastronomicas-de-otono\/#breadcrumb\",\"itemListElement\":[{\"@type\":\"ListItem\",\"position\":1,\"item\":{\"@type\":\"WebPage\",\"@id\":\"https:\/\/www.canlluc.com\/blog\/\",\"url\":\"https:\/\/www.canlluc.com\/blog\/\",\"name\":\"Home\"}},{\"@type\":\"ListItem\",\"position\":2,\"item\":{\"@type\":\"WebPage\",\"@id\":\"https:\/\/www.canlluc.com\/blog\/ibiza-5-sentidos-51-restaurantes-de-la-isla-de-ibiza-participan-en-las-jornadas-gastronomicas-de-otono\/\",\"url\":\"https:\/\/www.canlluc.com\/blog\/ibiza-5-sentidos-51-restaurantes-de-la-isla-de-ibiza-participan-en-las-jornadas-gastronomicas-de-otono\/\",\"name\":\"IBIZA 5 SENTIDOS: 51 restaurantes de la isla de Ibiza participan en las jornadas gastron\\u00f3micas de oto\\u00f1o\"}}]},{\"@type\":\"Person\",\"@id\":\"https:\/\/www.canlluc.com\/blog\/#\/schema\/person\/d1f0ed1fabfe2418dbb130903246f8f4\",\"name\":\"Can Lluc\",\"image\":{\"@type\":\"ImageObject\",\"@id\":\"https:\/\/www.canlluc.com\/blog\/#personlogo\",\"inLanguage\":\"es\",\"url\":\"https:\/\/secure.gravatar.com\/avatar\/6d6f4ca47e6f2202cafd25ec9fb69261?s=96&d=mm&r=g\",\"caption\":\"Can Lluc\"},\"sameAs\":[\"https:\/\/www.canlluc.com\"]}]}<\/script>\n<!-- \/ Yoast SEO plugin. -->","_links":{"self":[{"href":"https:\/\/www.canlluc.com\/blog\/wp-json\/wp\/v2\/posts\/1729"}],"collection":[{"href":"https:\/\/www.canlluc.com\/blog\/wp-json\/wp\/v2\/posts"}],"about":[{"href":"https:\/\/www.canlluc.com\/blog\/wp-json\/wp\/v2\/types\/post"}],"author":[{"embeddable":true,"href":"https:\/\/www.canlluc.com\/blog\/wp-json\/wp\/v2\/users\/2"}],"replies":[{"embeddable":true,"href":"https:\/\/www.canlluc.com\/blog\/wp-json\/wp\/v2\/comments?post=1729"}],"version-history":[{"count":1,"href":"https:\/\/www.canlluc.com\/blog\/wp-json\/wp\/v2\/posts\/1729\/revisions"}],"predecessor-version":[{"id":1735,"href":"https:\/\/www.canlluc.com\/blog\/wp-json\/wp\/v2\/posts\/1729\/revisions\/1735"}],"wp:featuredmedia":[{"embeddable":true,"href":"https:\/\/www.canlluc.com\/blog\/wp-json\/wp\/v2\/media\/1733"}],"wp:attachment":[{"href":"https:\/\/www.canlluc.com\/blog\/wp-json\/wp\/v2\/media?parent=1729"}],"wp:term":[{"taxonomy":"category","embeddable":true,"href":"https:\/\/www.canlluc.com\/blog\/wp-json\/wp\/v2\/categories?post=1729"},{"taxonomy":"post_tag","embeddable":true,"href":"https:\/\/www.canlluc.com\/blog\/wp-json\/wp\/v2\/tags?post=1729"}],"curies":[{"name":"wp","href":"https:\/\/api.w.org\/{rel}","templated":true}]}}