{"id":1624,"date":"2019-11-08T10:49:24","date_gmt":"2019-11-08T09:49:24","guid":{"rendered":"https:\/\/www.canlluc.com\/blog\/?p=1624"},"modified":"2019-11-08T10:52:49","modified_gmt":"2019-11-08T09:52:49","slug":"jornadas-gastronomicas-de-otono-sabores-de-ibiza","status":"publish","type":"post","link":"https:\/\/www.canlluc.com\/blog\/jornadas-gastronomicas-de-otono-sabores-de-ibiza\/","title":{"rendered":"Jornadas gastron\u00f3micas de oto\u00f1o &#8211; Sabores de Ibiza"},"content":{"rendered":"<p><img decoding=\"async\" loading=\"lazy\" class=\"aligncenter wp-image-1636 size-full-slider\" src=\"https:\/\/www.canlluc.com\/blog\/wp-content\/uploads\/2019\/11\/gastrojornadas_ibiza-980x380.jpg\" alt=\"\" width=\"960\" height=\"372\" \/><\/p>\n<p>&nbsp;<\/p>\n<p>Can Lluc participa en las jornadas gastron\u00f3micas de oto\u00f1o Ibiza Sabor 2019, que alcanzan su XIII edici\u00f3n, centradas en la promoci\u00f3n de los productos de la isla. Se desarrollan del 31 de octubre al 5 de diciembre.<\/p>\n<p>En Can Lluc podr\u00e1s degustar el sabor m\u00e1s aut\u00e9ntico de Ibiza en un men\u00fa cerrado de 25 euros, viernes y s\u00e1bados a mediod\u00eda.<\/p>\n<p style=\"text-align: center;\">[gdlr_button href=\u00bbtel:+34971198673&#8243; target=\u00bb_self\u00bb size=\u00bbmedium\u00bb background=\u00bb#000000&#8243; color=\u00bb#ffffff\u00bb with_border=\u00bbyes\u00bb border_color=\u00bb#b1935e\u00bb]\u00a1Llama y reserva![\/gdlr_button]<\/p>\n<p>&nbsp;<\/p>\n<p>[gdlr_box_icon icon=\u00bbicon-food\u00bb icon_type=\u00bbcircle\u00bb icon_color=\u00bb#ffffff\u00bb icon_background=\u00bb#b1935e\u00bb icon_position=\u00bbtop\u00bb title=\u00bbMen\u00fa &#8216;Jornadas gastron\u00f3micas de oto\u00f1o'\u00bb ]<\/p>\n<p style=\"text-align: center;\"><strong>PRIMERO. A elegir entre:<\/strong><br \/>\n\u00b7 Ensalada payesa con \u2018peix sec\u2019 de Formentera<br \/>\n\u00b7 Guiso de col y garbanzos con costilla de cerdo y jam\u00f3n<\/p>\n<p style=\"text-align: center;\"><strong>SEGUNDO. A elegir entre:<\/strong><br \/>\n\u00b7 Chuletas de cordero confitadas acompa\u00f1adas de pur\u00e9 de hierbas y salsa de lim\u00f3n<br \/>\n\u00b7 Risotto de gambas y sepia ibicenca con su tinta<\/p>\n<p style=\"text-align: center;\"><strong>Postre. A elegir entre:<\/strong><br \/>\n\u00b7 \u2018Greixonera\u2019 con crema de licor de hierbas<br \/>\n\u00b7 Tiramis\u00fa con virutas de chocolate de algarroba<\/p>\n<p style=\"text-align: center;\"><em>Vinos recomendados: Bodegas de Ibiza<\/em><\/p>\n<div class=\"precio\">\n<h3 class=\"precio_t\" style=\"text-align: center;\"><strong>25 \u20ac<\/strong><\/h3>\n<div class=\"text\" style=\"text-align: center;\"><strong>Bebida no incluida<\/strong><\/div>\n<\/div>\n<p>[\/gdlr_box_icon]<\/p>\n<div class=\"precio\">\n<div class=\"text\" style=\"text-align: center;\"><\/div>\n<\/div>\n<p>&nbsp;<\/p>\n<div style=\"text-align: center;\">[gdlr_button href=\u00bbtel:+34971198673&#8243; target=\u00bb_self\u00bb size=\u00bbmedium\u00bb background=\u00bb#000000&#8243; color=\u00bb#ffffff\u00bb with_border=\u00bbyes\u00bb border_color=\u00bb#b1935e\u00bb]\u00a1Llama y reserva![\/gdlr_button]<\/div>\n<p>&nbsp;<\/p>\n<p style=\"text-align: center;\">Este men\u00fa se servir\u00e1 viernes y s\u00e1bados a mediod\u00eda.<\/p>\n<p style=\"text-align: center;\">Horario: de 13 a 15 horas.<\/p>\n<p style=\"text-align: center;\"><strong>Imprescindible reserva previa.<\/strong><\/p>\n<p>&nbsp;<\/p>\n<p>&nbsp;<\/p>\n","protected":false},"excerpt":{"rendered":"<p>&nbsp; Can Lluc participa en las jornadas gastron\u00f3micas de oto\u00f1o Ibiza Sabor 2019, que alcanzan su XIII edici\u00f3n, centradas en la promoci\u00f3n de los productos de la isla. Se desarrollan del 31 de octubre al 5 de diciembre. En Can Lluc podr\u00e1s degustar el sabor m\u00e1s aut\u00e9ntico de Ibiza en un men\u00fa cerrado de 25 &#8230; <a title=\"Jornadas gastron\u00f3micas de oto\u00f1o &#8211; Sabores de Ibiza\" class=\"read-more\" href=\"https:\/\/www.canlluc.com\/blog\/jornadas-gastronomicas-de-otono-sabores-de-ibiza\/\" aria-label=\"M\u00e1s en Jornadas gastron\u00f3micas de oto\u00f1o &#8211; Sabores de Ibiza\">Leer m\u00e1s<\/a><\/p>\n","protected":false},"author":2,"featured_media":1636,"comment_status":"open","ping_status":"open","sticky":false,"template":"","format":"standard","meta":[],"categories":[142],"tags":[],"yoast_head":"<!-- This site is optimized with the Yoast SEO plugin v15.2.1 - https:\/\/yoast.com\/wordpress\/plugins\/seo\/ -->\n<title>Jornadas gastron\u00f3micas de oto\u00f1o - Sabores de Ibiza - Can Lluc | Blog<\/title>\n<meta name=\"robots\" content=\"index, follow, max-snippet:-1, max-image-preview:large, max-video-preview:-1\" \/>\n<link rel=\"canonical\" href=\"https:\/\/www.canlluc.com\/blog\/jornadas-gastronomicas-de-otono-sabores-de-ibiza\/\" \/>\n<meta property=\"og:locale\" content=\"es_ES\" \/>\n<meta property=\"og:type\" content=\"article\" \/>\n<meta property=\"og:title\" content=\"Jornadas gastron\u00f3micas de oto\u00f1o - Sabores de Ibiza - Can Lluc | Blog\" \/>\n<meta property=\"og:description\" content=\"&nbsp; Can Lluc participa en las jornadas gastron\u00f3micas de oto\u00f1o Ibiza Sabor 2019, que alcanzan su XIII edici\u00f3n, centradas en la promoci\u00f3n de los productos de la isla. Se desarrollan del 31 de octubre al 5 de diciembre. En Can Lluc podr\u00e1s degustar el sabor m\u00e1s aut\u00e9ntico de Ibiza en un men\u00fa cerrado de 25 ... Leer m\u00e1s\" \/>\n<meta property=\"og:url\" content=\"https:\/\/www.canlluc.com\/blog\/jornadas-gastronomicas-de-otono-sabores-de-ibiza\/\" \/>\n<meta property=\"og:site_name\" content=\"Can Lluc | Blog\" \/>\n<meta property=\"article:published_time\" content=\"2019-11-08T09:49:24+00:00\" \/>\n<meta property=\"article:modified_time\" content=\"2019-11-08T09:52:49+00:00\" \/>\n<meta property=\"og:image\" content=\"https:\/\/www.canlluc.com\/blog\/wp-content\/uploads\/2019\/11\/gastrojornadas_ibiza.jpg\" \/>\n\t<meta property=\"og:image:width\" content=\"1000\" \/>\n\t<meta property=\"og:image:height\" content=\"613\" \/>\n<meta name=\"twitter:card\" content=\"summary\" \/>\n<meta name=\"twitter:label1\" content=\"Escrito por\">\n\t<meta name=\"twitter:data1\" content=\"Can Lluc\">\n\t<meta name=\"twitter:label2\" content=\"Tiempo de lectura\">\n\t<meta name=\"twitter:data2\" content=\"1 minuto\">\n<script type=\"application\/ld+json\" class=\"yoast-schema-graph\">{\"@context\":\"https:\/\/schema.org\",\"@graph\":[{\"@type\":\"WebSite\",\"@id\":\"https:\/\/www.canlluc.com\/blog\/#website\",\"url\":\"https:\/\/www.canlluc.com\/blog\/\",\"name\":\"Can Lluc | Blog\",\"description\":\"Historias mediterr\\u00e1neas, calma junto al mar y experiencias en Ibiza\",\"potentialAction\":[{\"@type\":\"SearchAction\",\"target\":\"https:\/\/www.canlluc.com\/blog\/?s={search_term_string}\",\"query-input\":\"required name=search_term_string\"}],\"inLanguage\":\"es\"},{\"@type\":\"ImageObject\",\"@id\":\"https:\/\/www.canlluc.com\/blog\/jornadas-gastronomicas-de-otono-sabores-de-ibiza\/#primaryimage\",\"inLanguage\":\"es\",\"url\":\"https:\/\/www.canlluc.com\/blog\/wp-content\/uploads\/2019\/11\/gastrojornadas_ibiza.jpg\",\"width\":1000,\"height\":613},{\"@type\":\"WebPage\",\"@id\":\"https:\/\/www.canlluc.com\/blog\/jornadas-gastronomicas-de-otono-sabores-de-ibiza\/#webpage\",\"url\":\"https:\/\/www.canlluc.com\/blog\/jornadas-gastronomicas-de-otono-sabores-de-ibiza\/\",\"name\":\"Jornadas gastron\\u00f3micas de oto\\u00f1o - Sabores de Ibiza - Can Lluc | Blog\",\"isPartOf\":{\"@id\":\"https:\/\/www.canlluc.com\/blog\/#website\"},\"primaryImageOfPage\":{\"@id\":\"https:\/\/www.canlluc.com\/blog\/jornadas-gastronomicas-de-otono-sabores-de-ibiza\/#primaryimage\"},\"datePublished\":\"2019-11-08T09:49:24+00:00\",\"dateModified\":\"2019-11-08T09:52:49+00:00\",\"author\":{\"@id\":\"https:\/\/www.canlluc.com\/blog\/#\/schema\/person\/d1f0ed1fabfe2418dbb130903246f8f4\"},\"breadcrumb\":{\"@id\":\"https:\/\/www.canlluc.com\/blog\/jornadas-gastronomicas-de-otono-sabores-de-ibiza\/#breadcrumb\"},\"inLanguage\":\"es\",\"potentialAction\":[{\"@type\":\"ReadAction\",\"target\":[\"https:\/\/www.canlluc.com\/blog\/jornadas-gastronomicas-de-otono-sabores-de-ibiza\/\"]}]},{\"@type\":\"BreadcrumbList\",\"@id\":\"https:\/\/www.canlluc.com\/blog\/jornadas-gastronomicas-de-otono-sabores-de-ibiza\/#breadcrumb\",\"itemListElement\":[{\"@type\":\"ListItem\",\"position\":1,\"item\":{\"@type\":\"WebPage\",\"@id\":\"https:\/\/www.canlluc.com\/blog\/\",\"url\":\"https:\/\/www.canlluc.com\/blog\/\",\"name\":\"Home\"}},{\"@type\":\"ListItem\",\"position\":2,\"item\":{\"@type\":\"WebPage\",\"@id\":\"https:\/\/www.canlluc.com\/blog\/jornadas-gastronomicas-de-otono-sabores-de-ibiza\/\",\"url\":\"https:\/\/www.canlluc.com\/blog\/jornadas-gastronomicas-de-otono-sabores-de-ibiza\/\",\"name\":\"Jornadas gastron\\u00f3micas de oto\\u00f1o &#8211; Sabores de Ibiza\"}}]},{\"@type\":\"Person\",\"@id\":\"https:\/\/www.canlluc.com\/blog\/#\/schema\/person\/d1f0ed1fabfe2418dbb130903246f8f4\",\"name\":\"Can Lluc\",\"image\":{\"@type\":\"ImageObject\",\"@id\":\"https:\/\/www.canlluc.com\/blog\/#personlogo\",\"inLanguage\":\"es\",\"url\":\"https:\/\/secure.gravatar.com\/avatar\/6d6f4ca47e6f2202cafd25ec9fb69261?s=96&d=mm&r=g\",\"caption\":\"Can Lluc\"},\"sameAs\":[\"https:\/\/www.canlluc.com\"]}]}<\/script>\n<!-- \/ Yoast SEO plugin. -->","_links":{"self":[{"href":"https:\/\/www.canlluc.com\/blog\/wp-json\/wp\/v2\/posts\/1624"}],"collection":[{"href":"https:\/\/www.canlluc.com\/blog\/wp-json\/wp\/v2\/posts"}],"about":[{"href":"https:\/\/www.canlluc.com\/blog\/wp-json\/wp\/v2\/types\/post"}],"author":[{"embeddable":true,"href":"https:\/\/www.canlluc.com\/blog\/wp-json\/wp\/v2\/users\/2"}],"replies":[{"embeddable":true,"href":"https:\/\/www.canlluc.com\/blog\/wp-json\/wp\/v2\/comments?post=1624"}],"version-history":[{"count":11,"href":"https:\/\/www.canlluc.com\/blog\/wp-json\/wp\/v2\/posts\/1624\/revisions"}],"predecessor-version":[{"id":2825,"href":"https:\/\/www.canlluc.com\/blog\/wp-json\/wp\/v2\/posts\/1624\/revisions\/2825"}],"wp:featuredmedia":[{"embeddable":true,"href":"https:\/\/www.canlluc.com\/blog\/wp-json\/wp\/v2\/media\/1636"}],"wp:attachment":[{"href":"https:\/\/www.canlluc.com\/blog\/wp-json\/wp\/v2\/media?parent=1624"}],"wp:term":[{"taxonomy":"category","embeddable":true,"href":"https:\/\/www.canlluc.com\/blog\/wp-json\/wp\/v2\/categories?post=1624"},{"taxonomy":"post_tag","embeddable":true,"href":"https:\/\/www.canlluc.com\/blog\/wp-json\/wp\/v2\/tags?post=1624"}],"curies":[{"name":"wp","href":"https:\/\/api.w.org\/{rel}","templated":true}]}}