{"id":1526,"date":"2019-08-02T13:36:15","date_gmt":"2019-08-02T12:36:15","guid":{"rendered":"https:\/\/www.canlluc.com\/blog\/?p=1526"},"modified":"2019-08-02T14:20:59","modified_gmt":"2019-08-02T13:20:59","slug":"el-periodico-que-hay-de-nuevo-en-ibiza-para-este-verano","status":"publish","type":"post","link":"https:\/\/www.canlluc.com\/blog\/el-periodico-que-hay-de-nuevo-en-ibiza-para-este-verano\/","title":{"rendered":"EL PERI\u00d3DICO: \u00bfQu\u00e9 hay de nuevo en Ibiza para este verano?"},"content":{"rendered":"<p>Empezamos el mes de agosto con una aparici\u00f3n en la revista digital <strong>Viajar<\/strong> el complemento sobre viajes de <strong>El Peri\u00f3dico<\/strong>. En el art\u00edculo muestra la nueva villa <strong>Can Prats<\/strong> en <strong>Can Lluc<\/strong> junto a otras novedades de la isla.<\/p>\n<p>Lee la noticia completa en <a href=\"https:\/\/viajar.elperiodico.com\/planes\/ibiza-verano\">este enlace<\/a>.<\/p>\n<p>__________________________________________________________________________________________________<\/p>\n<p>\u00bfViajas este verano a Ibiza? La isla siempre es estimulante. Nos encantan sus playas de infinita belleza, sus calas rec\u00f3nditas, sus atardeceres de infarto y la naturaleza puramente mediterr\u00e1nea. Pero Ibiza tambi\u00e9n es un hervidero de novedades que salen a relucir cada verano. Estas son todas las primicias que presenta la Isla Blanca para la temporada estival. \u00a1Pasajeros a bordo!<\/p>\n<p><strong>Mirrors in heaven y Rock in the sky en Hard Rock Hotel<\/strong><\/p>\n<p>Seguro que habr\u00e1s o\u00eddo hablar de \u00e9l. Y es que uno de los hoteles m\u00e1s divertidos de Ibiza, el Hard Rock Hotel, ubicado en plena playa D&#8217;en Bossa, uno de los epicentros de actividad de la isla, presenta novedades para este a\u00f1o. \u00bfLa apuesta? El ocio. Bajo los nombres de &#8216;Mirrors in Heaven&#8217; y &#8216;Rock in the sky&#8217;, el hotel estrena dos nuevos espect\u00e1culos en su rooftop, The Ninth.<\/p>\n<p>En la azotea del edificio los mi\u00e9rcoles y s\u00e1bados, tendr\u00e1 lugar un dinner show con est\u00edmulos para todos los sentidos, una especie de mundo paralelo al otro lado del espejo, que se ver\u00e1 reflejado en una cena en la que se degustan la pasi\u00f3n (ostra en tempura con vichyssoise y caviar) o la locura (costilla de wagyu con salsa chipotle, patatas hasselback y setas shimeji), entre otros sentimientos. Por su parte, los domingos ser\u00e1n el d\u00eda indicado para que los amantes del rock se unan en las alturas del hotel, porque van a programar shows de m\u00fasica rock en vivo, acompa\u00f1ados de una carta de platos fr\u00edos y bebidas premium.<\/p>\n<p>&nbsp;<\/p>\n<p><strong>Abres sus puertas BLESS Ibiza Hotel<\/strong><\/p>\n<p>Ha sido una de las grandes aperturas de verano, y es que la marca de lujo hedonista del grupo Palladium, despu\u00e9s de desembarcar en Madrid, ahora lo hace en la Pitiusa. Situado en Cala Nova, nace dentro del sello hotelero The Leading Hotels of the World, con 151 habitaciones con vistas al mar.<\/p>\n<p>Todo ellos inspirado en Coco Chanel y su glamour, la costa azul francesa y la Riviera italiana, sin olvidar el lugar donde est\u00e1n, Ibiza. Si las habitaciones son el perfecto lugar para so\u00f1ar y descansar, gracias a sus filosof\u00edas de BLESSEDBED y BATHOLGY, a ello hay que sumarle unos espacios comunes que no dejan indiferente. Dos piscinas infinity, el Magness Soulful Spa, de 900m2, con espacio termal, salas de tratamiento y de relax&#8230; Adem\u00e1s de una extensa oferta gastron\u00f3mica.<\/p>\n<p><strong>Maymanta el restaurante Omar Malpartida en Aguas de Ibiza<\/strong><\/p>\n<p>El 2 de agosto, Per\u00fa llega a Ibiza. Y lo hace de la mano de Maymanta, el nuevo restaurante en la terraza del hotel Aguas de Ibiza, gestionado por el chef Omar Malpartida. Malpartida triunfa en Madrid con conceptos como Barra Eme, Tiradito Pisco &amp; Bar o Luma, su restaurante gastron\u00f3mico.<\/p>\n<p>Y ahora pone rumbo a la isla con una carta de sabores genuinos y un viaje con el paladar por toda la grandeza culinaria del Per\u00fa: Amazonia, Andres y Pac\u00edfico. No faltar\u00e1n en su carta anticuchos, ceviches, tiraditos, platos al wok o a la brasa, picoteo criollo y nacional. La idea es compartir platos y pedir creaciones como el at\u00fan moche, una ventresca de at\u00fan a la parrilla con pur\u00e9 de zapallo loche, pico de gallo y aj\u00edes soasados o una original lasa\u00f1a de rocoto, en la que se utiliza la pasta de rocoto como envoltura de un guiso de carrillera en vino tinto.<\/p>\n<p>Tambi\u00e9n contar\u00e1 con una opci\u00f3n de barra, donde probar platillos de manera informal, pero no por ello menos deliciosos, como es el caso de su causa de langosta con patatas andinas, escabeche, mayo picante, aguacate y tomate, entre otras.<\/p>\n<p>&nbsp;<\/p>\n<p><strong>Nueva villa Can Prats en el agroturismo Can Lluc<\/strong><\/p>\n<p><img decoding=\"async\" loading=\"lazy\" class=\"aligncenter wp-image-1527 size-full\" src=\"https:\/\/www.canlluc.com\/blog\/wp-content\/uploads\/2019\/08\/ibiza-can-prats.jpg\" alt=\"\" width=\"650\" height=\"433\" srcset=\"https:\/\/www.canlluc.com\/blog\/wp-content\/uploads\/2019\/08\/ibiza-can-prats.jpg 650w, https:\/\/www.canlluc.com\/blog\/wp-content\/uploads\/2019\/08\/ibiza-can-prats-300x200.jpg 300w\" sizes=\"(max-width: 650px) 100vw, 650px\" \/><br \/>\n\u00bfBuscas un hotel en el que relajarte y alejarte del mundanal ruido? La respuesta es Can Lluc, un agroturismo insertado en mitad de la naturaleza. Solo escuchar\u00e1s el sonido de los pajaritos, podr\u00e1s divisar el atardecer desde un punto espec\u00edfico en la finca, deleitarte con la aut\u00e9ntica gastronom\u00eda ibicenca en Olea, su restaurante, donde el aceite es de su propia cosecha y las frutas y verduras de sus huertos&#8230;<\/p>\n<p>A todo ese plan de ensue\u00f1o, suma este a\u00f1o una novedad, la villa Can Prats, con capacidad para cuatro personas, que se une a sus 20 habitaciones y a la villa Can Jaume Curt. Can Prats cuenta con dos habitaciones, ba\u00f1os completos, sal\u00f3n y dos comedores -uno de ellos exterior-, adem\u00e1s de sumar un jard\u00edn con una p\u00e9rgola donde disfrutar al aire libre. Todo ello sin renunciar a los que te avanz\u00e1bamos, porque esta villa est\u00e1 a escasos 150 metros de la piscina del hotel. Aqu\u00ed el verano es perfecto.<\/p>\n","protected":false},"excerpt":{"rendered":"<p>Empezamos el mes de agosto con una aparici\u00f3n en la revista digital Viajar el complemento sobre viajes de El Peri\u00f3dico. En el art\u00edculo muestra la nueva villa Can Prats en Can Lluc junto a otras novedades de la isla. Lee la noticia completa en este enlace. __________________________________________________________________________________________________ \u00bfViajas este verano a Ibiza? La isla siempre &#8230; <a title=\"EL PERI\u00d3DICO: \u00bfQu\u00e9 hay de nuevo en Ibiza para este verano?\" class=\"read-more\" href=\"https:\/\/www.canlluc.com\/blog\/el-periodico-que-hay-de-nuevo-en-ibiza-para-este-verano\/\" aria-label=\"M\u00e1s en EL PERI\u00d3DICO: \u00bfQu\u00e9 hay de nuevo en Ibiza para este verano?\">Leer m\u00e1s<\/a><\/p>\n","protected":false},"author":2,"featured_media":1527,"comment_status":"open","ping_status":"open","sticky":false,"template":"","format":"standard","meta":[],"categories":[143],"tags":[],"yoast_head":"<!-- This site is optimized with the Yoast SEO plugin v15.2.1 - https:\/\/yoast.com\/wordpress\/plugins\/seo\/ -->\n<title>EL PERI\u00d3DICO: \u00bfQu\u00e9 hay de nuevo en Ibiza para este verano? - Can Lluc | Blog<\/title>\n<meta name=\"robots\" content=\"index, follow, max-snippet:-1, max-image-preview:large, max-video-preview:-1\" \/>\n<link rel=\"canonical\" href=\"https:\/\/www.canlluc.com\/blog\/el-periodico-que-hay-de-nuevo-en-ibiza-para-este-verano\/\" \/>\n<meta property=\"og:locale\" content=\"es_ES\" \/>\n<meta property=\"og:type\" content=\"article\" \/>\n<meta property=\"og:title\" content=\"EL PERI\u00d3DICO: \u00bfQu\u00e9 hay de nuevo en Ibiza para este verano? - Can Lluc | Blog\" \/>\n<meta property=\"og:description\" content=\"Empezamos el mes de agosto con una aparici\u00f3n en la revista digital Viajar el complemento sobre viajes de El Peri\u00f3dico. En el art\u00edculo muestra la nueva villa Can Prats en Can Lluc junto a otras novedades de la isla. Lee la noticia completa en este enlace. __________________________________________________________________________________________________ \u00bfViajas este verano a Ibiza? La isla siempre ... Leer m\u00e1s\" \/>\n<meta property=\"og:url\" content=\"https:\/\/www.canlluc.com\/blog\/el-periodico-que-hay-de-nuevo-en-ibiza-para-este-verano\/\" \/>\n<meta property=\"og:site_name\" content=\"Can Lluc | Blog\" \/>\n<meta property=\"article:published_time\" content=\"2019-08-02T12:36:15+00:00\" \/>\n<meta property=\"article:modified_time\" content=\"2019-08-02T13:20:59+00:00\" \/>\n<meta property=\"og:image\" content=\"https:\/\/www.canlluc.com\/blog\/wp-content\/uploads\/2019\/08\/ibiza-can-prats.jpg\" \/>\n\t<meta property=\"og:image:width\" content=\"650\" \/>\n\t<meta property=\"og:image:height\" content=\"433\" \/>\n<meta name=\"twitter:card\" content=\"summary\" \/>\n<meta name=\"twitter:label1\" content=\"Escrito por\">\n\t<meta name=\"twitter:data1\" content=\"Can Lluc\">\n\t<meta name=\"twitter:label2\" content=\"Tiempo de lectura\">\n\t<meta name=\"twitter:data2\" content=\"3 minutos\">\n<script type=\"application\/ld+json\" class=\"yoast-schema-graph\">{\"@context\":\"https:\/\/schema.org\",\"@graph\":[{\"@type\":\"WebSite\",\"@id\":\"https:\/\/www.canlluc.com\/blog\/#website\",\"url\":\"https:\/\/www.canlluc.com\/blog\/\",\"name\":\"Can Lluc | Blog\",\"description\":\"Historias mediterr\\u00e1neas, calma junto al mar y experiencias en Ibiza\",\"potentialAction\":[{\"@type\":\"SearchAction\",\"target\":\"https:\/\/www.canlluc.com\/blog\/?s={search_term_string}\",\"query-input\":\"required name=search_term_string\"}],\"inLanguage\":\"es\"},{\"@type\":\"ImageObject\",\"@id\":\"https:\/\/www.canlluc.com\/blog\/el-periodico-que-hay-de-nuevo-en-ibiza-para-este-verano\/#primaryimage\",\"inLanguage\":\"es\",\"url\":\"https:\/\/www.canlluc.com\/blog\/wp-content\/uploads\/2019\/08\/ibiza-can-prats.jpg\",\"width\":650,\"height\":433},{\"@type\":\"WebPage\",\"@id\":\"https:\/\/www.canlluc.com\/blog\/el-periodico-que-hay-de-nuevo-en-ibiza-para-este-verano\/#webpage\",\"url\":\"https:\/\/www.canlluc.com\/blog\/el-periodico-que-hay-de-nuevo-en-ibiza-para-este-verano\/\",\"name\":\"EL PERI\\u00d3DICO: \\u00bfQu\\u00e9 hay de nuevo en Ibiza para este verano? - Can Lluc | Blog\",\"isPartOf\":{\"@id\":\"https:\/\/www.canlluc.com\/blog\/#website\"},\"primaryImageOfPage\":{\"@id\":\"https:\/\/www.canlluc.com\/blog\/el-periodico-que-hay-de-nuevo-en-ibiza-para-este-verano\/#primaryimage\"},\"datePublished\":\"2019-08-02T12:36:15+00:00\",\"dateModified\":\"2019-08-02T13:20:59+00:00\",\"author\":{\"@id\":\"https:\/\/www.canlluc.com\/blog\/#\/schema\/person\/d1f0ed1fabfe2418dbb130903246f8f4\"},\"breadcrumb\":{\"@id\":\"https:\/\/www.canlluc.com\/blog\/el-periodico-que-hay-de-nuevo-en-ibiza-para-este-verano\/#breadcrumb\"},\"inLanguage\":\"es\",\"potentialAction\":[{\"@type\":\"ReadAction\",\"target\":[\"https:\/\/www.canlluc.com\/blog\/el-periodico-que-hay-de-nuevo-en-ibiza-para-este-verano\/\"]}]},{\"@type\":\"BreadcrumbList\",\"@id\":\"https:\/\/www.canlluc.com\/blog\/el-periodico-que-hay-de-nuevo-en-ibiza-para-este-verano\/#breadcrumb\",\"itemListElement\":[{\"@type\":\"ListItem\",\"position\":1,\"item\":{\"@type\":\"WebPage\",\"@id\":\"https:\/\/www.canlluc.com\/blog\/\",\"url\":\"https:\/\/www.canlluc.com\/blog\/\",\"name\":\"Home\"}},{\"@type\":\"ListItem\",\"position\":2,\"item\":{\"@type\":\"WebPage\",\"@id\":\"https:\/\/www.canlluc.com\/blog\/el-periodico-que-hay-de-nuevo-en-ibiza-para-este-verano\/\",\"url\":\"https:\/\/www.canlluc.com\/blog\/el-periodico-que-hay-de-nuevo-en-ibiza-para-este-verano\/\",\"name\":\"EL PERI\\u00d3DICO: \\u00bfQu\\u00e9 hay de nuevo en Ibiza para este verano?\"}}]},{\"@type\":\"Person\",\"@id\":\"https:\/\/www.canlluc.com\/blog\/#\/schema\/person\/d1f0ed1fabfe2418dbb130903246f8f4\",\"name\":\"Can Lluc\",\"image\":{\"@type\":\"ImageObject\",\"@id\":\"https:\/\/www.canlluc.com\/blog\/#personlogo\",\"inLanguage\":\"es\",\"url\":\"https:\/\/secure.gravatar.com\/avatar\/6d6f4ca47e6f2202cafd25ec9fb69261?s=96&d=mm&r=g\",\"caption\":\"Can Lluc\"},\"sameAs\":[\"https:\/\/www.canlluc.com\"]}]}<\/script>\n<!-- \/ Yoast SEO plugin. -->","_links":{"self":[{"href":"https:\/\/www.canlluc.com\/blog\/wp-json\/wp\/v2\/posts\/1526"}],"collection":[{"href":"https:\/\/www.canlluc.com\/blog\/wp-json\/wp\/v2\/posts"}],"about":[{"href":"https:\/\/www.canlluc.com\/blog\/wp-json\/wp\/v2\/types\/post"}],"author":[{"embeddable":true,"href":"https:\/\/www.canlluc.com\/blog\/wp-json\/wp\/v2\/users\/2"}],"replies":[{"embeddable":true,"href":"https:\/\/www.canlluc.com\/blog\/wp-json\/wp\/v2\/comments?post=1526"}],"version-history":[{"count":5,"href":"https:\/\/www.canlluc.com\/blog\/wp-json\/wp\/v2\/posts\/1526\/revisions"}],"predecessor-version":[{"id":1550,"href":"https:\/\/www.canlluc.com\/blog\/wp-json\/wp\/v2\/posts\/1526\/revisions\/1550"}],"wp:featuredmedia":[{"embeddable":true,"href":"https:\/\/www.canlluc.com\/blog\/wp-json\/wp\/v2\/media\/1527"}],"wp:attachment":[{"href":"https:\/\/www.canlluc.com\/blog\/wp-json\/wp\/v2\/media?parent=1526"}],"wp:term":[{"taxonomy":"category","embeddable":true,"href":"https:\/\/www.canlluc.com\/blog\/wp-json\/wp\/v2\/categories?post=1526"},{"taxonomy":"post_tag","embeddable":true,"href":"https:\/\/www.canlluc.com\/blog\/wp-json\/wp\/v2\/tags?post=1526"}],"curies":[{"name":"wp","href":"https:\/\/api.w.org\/{rel}","templated":true}]}}