{"id":1311,"date":"2019-01-16T15:51:02","date_gmt":"2019-01-16T14:51:02","guid":{"rendered":"http:\/\/www.canlluc.com\/blog\/?p=1311"},"modified":"2019-04-16T15:55:07","modified_gmt":"2019-04-16T14:55:07","slug":"can-lluc-un-viaje-al-corazon-de-ibiza","status":"publish","type":"post","link":"https:\/\/www.canlluc.com\/blog\/can-lluc-un-viaje-al-corazon-de-ibiza\/","title":{"rendered":"Can Lluc, un viaje al coraz\u00f3n de Ibiza"},"content":{"rendered":"<p style=\"text-align: center;\"><strong>Top Crono<\/strong> nos dedic\u00f3 estas palabras en el mes de enero en el destaca que nuestro agroturismo se encuentra en el coraz\u00f3n de la isla de Ibiza. Adem\u00e1s, nombra nuestro restaurante Olea y la tranquilidad que se respira en Can Lluc.<\/p>\n<p style=\"text-align: center;\">\u00a1Muchas gracias!<\/p>\n<p>&nbsp;<\/p>\n<p><img decoding=\"async\" loading=\"lazy\" class=\"aligncenter  wp-image-1312\" src=\"https:\/\/www.canlluc.com\/blog\/wp-content\/uploads\/2019\/04\/TOP-CRONO-ENERO-193x300.png\" alt=\"\" width=\"222\" height=\"345\" srcset=\"https:\/\/www.canlluc.com\/blog\/wp-content\/uploads\/2019\/04\/TOP-CRONO-ENERO-193x300.png 193w, https:\/\/www.canlluc.com\/blog\/wp-content\/uploads\/2019\/04\/TOP-CRONO-ENERO.png 502w\" sizes=\"(max-width: 222px) 100vw, 222px\" \/> <img decoding=\"async\" loading=\"lazy\" class=\"aligncenter size-medium wp-image-1314\" src=\"https:\/\/www.canlluc.com\/blog\/wp-content\/uploads\/2019\/04\/TOP-CRONO-ENERO-2-300x206.png\" alt=\"\" width=\"300\" height=\"206\" srcset=\"https:\/\/www.canlluc.com\/blog\/wp-content\/uploads\/2019\/04\/TOP-CRONO-ENERO-2-300x206.png 300w, https:\/\/www.canlluc.com\/blog\/wp-content\/uploads\/2019\/04\/TOP-CRONO-ENERO-2.png 490w\" sizes=\"(max-width: 300px) 100vw, 300px\" \/><\/p>\n","protected":false},"excerpt":{"rendered":"<p>Top Crono nos dedic\u00f3 estas palabras en el mes de enero en el destaca que nuestro agroturismo se encuentra en el coraz\u00f3n de la isla de Ibiza. Adem\u00e1s, nombra nuestro restaurante Olea y la tranquilidad que se respira en Can Lluc. \u00a1Muchas gracias! &nbsp;<\/p>\n","protected":false},"author":2,"featured_media":956,"comment_status":"open","ping_status":"open","sticky":false,"template":"","format":"standard","meta":[],"categories":[143],"tags":[],"yoast_head":"<!-- This site is optimized with the Yoast SEO plugin v15.2.1 - https:\/\/yoast.com\/wordpress\/plugins\/seo\/ -->\n<title>Can Lluc, un viaje al coraz\u00f3n de Ibiza - Can Lluc | Blog<\/title>\n<meta name=\"robots\" content=\"index, follow, max-snippet:-1, max-image-preview:large, max-video-preview:-1\" \/>\n<link rel=\"canonical\" href=\"https:\/\/www.canlluc.com\/blog\/can-lluc-un-viaje-al-corazon-de-ibiza\/\" \/>\n<meta property=\"og:locale\" content=\"es_ES\" \/>\n<meta property=\"og:type\" content=\"article\" \/>\n<meta property=\"og:title\" content=\"Can Lluc, un viaje al coraz\u00f3n de Ibiza - Can Lluc | Blog\" \/>\n<meta property=\"og:description\" content=\"Top Crono nos dedic\u00f3 estas palabras en el mes de enero en el destaca que nuestro agroturismo se encuentra en el coraz\u00f3n de la isla de Ibiza. Adem\u00e1s, nombra nuestro restaurante Olea y la tranquilidad que se respira en Can Lluc. \u00a1Muchas gracias! &nbsp;\" \/>\n<meta property=\"og:url\" content=\"https:\/\/www.canlluc.com\/blog\/can-lluc-un-viaje-al-corazon-de-ibiza\/\" \/>\n<meta property=\"og:site_name\" content=\"Can Lluc | Blog\" \/>\n<meta property=\"article:published_time\" content=\"2019-01-16T14:51:02+00:00\" \/>\n<meta property=\"article:modified_time\" content=\"2019-04-16T14:55:07+00:00\" \/>\n<meta property=\"og:image\" content=\"https:\/\/www.canlluc.com\/blog\/wp-content\/uploads\/2018\/08\/can_lluc_hotel_rural_ibiza_8893_745x498.jpg\" \/>\n\t<meta property=\"og:image:width\" content=\"745\" \/>\n\t<meta property=\"og:image:height\" content=\"498\" \/>\n<meta name=\"twitter:card\" content=\"summary\" \/>\n<meta name=\"twitter:label1\" content=\"Escrito por\">\n\t<meta name=\"twitter:data1\" content=\"Can Lluc\">\n\t<meta name=\"twitter:label2\" content=\"Tiempo de lectura\">\n\t<meta name=\"twitter:data2\" content=\"0 minutos\">\n<script type=\"application\/ld+json\" class=\"yoast-schema-graph\">{\"@context\":\"https:\/\/schema.org\",\"@graph\":[{\"@type\":\"WebSite\",\"@id\":\"https:\/\/www.canlluc.com\/blog\/#website\",\"url\":\"https:\/\/www.canlluc.com\/blog\/\",\"name\":\"Can Lluc | Blog\",\"description\":\"Historias mediterr\\u00e1neas, calma junto al mar y experiencias en Ibiza\",\"potentialAction\":[{\"@type\":\"SearchAction\",\"target\":\"https:\/\/www.canlluc.com\/blog\/?s={search_term_string}\",\"query-input\":\"required name=search_term_string\"}],\"inLanguage\":\"es\"},{\"@type\":\"ImageObject\",\"@id\":\"https:\/\/www.canlluc.com\/blog\/can-lluc-un-viaje-al-corazon-de-ibiza\/#primaryimage\",\"inLanguage\":\"es\",\"url\":\"https:\/\/www.canlluc.com\/blog\/wp-content\/uploads\/2018\/08\/can_lluc_hotel_rural_ibiza_8893_745x498.jpg\",\"width\":745,\"height\":498},{\"@type\":\"WebPage\",\"@id\":\"https:\/\/www.canlluc.com\/blog\/can-lluc-un-viaje-al-corazon-de-ibiza\/#webpage\",\"url\":\"https:\/\/www.canlluc.com\/blog\/can-lluc-un-viaje-al-corazon-de-ibiza\/\",\"name\":\"Can Lluc, un viaje al coraz\\u00f3n de Ibiza - Can Lluc | Blog\",\"isPartOf\":{\"@id\":\"https:\/\/www.canlluc.com\/blog\/#website\"},\"primaryImageOfPage\":{\"@id\":\"https:\/\/www.canlluc.com\/blog\/can-lluc-un-viaje-al-corazon-de-ibiza\/#primaryimage\"},\"datePublished\":\"2019-01-16T14:51:02+00:00\",\"dateModified\":\"2019-04-16T14:55:07+00:00\",\"author\":{\"@id\":\"https:\/\/www.canlluc.com\/blog\/#\/schema\/person\/d1f0ed1fabfe2418dbb130903246f8f4\"},\"breadcrumb\":{\"@id\":\"https:\/\/www.canlluc.com\/blog\/can-lluc-un-viaje-al-corazon-de-ibiza\/#breadcrumb\"},\"inLanguage\":\"es\",\"potentialAction\":[{\"@type\":\"ReadAction\",\"target\":[\"https:\/\/www.canlluc.com\/blog\/can-lluc-un-viaje-al-corazon-de-ibiza\/\"]}]},{\"@type\":\"BreadcrumbList\",\"@id\":\"https:\/\/www.canlluc.com\/blog\/can-lluc-un-viaje-al-corazon-de-ibiza\/#breadcrumb\",\"itemListElement\":[{\"@type\":\"ListItem\",\"position\":1,\"item\":{\"@type\":\"WebPage\",\"@id\":\"https:\/\/www.canlluc.com\/blog\/\",\"url\":\"https:\/\/www.canlluc.com\/blog\/\",\"name\":\"Home\"}},{\"@type\":\"ListItem\",\"position\":2,\"item\":{\"@type\":\"WebPage\",\"@id\":\"https:\/\/www.canlluc.com\/blog\/can-lluc-un-viaje-al-corazon-de-ibiza\/\",\"url\":\"https:\/\/www.canlluc.com\/blog\/can-lluc-un-viaje-al-corazon-de-ibiza\/\",\"name\":\"Can Lluc, un viaje al coraz\\u00f3n de Ibiza\"}}]},{\"@type\":\"Person\",\"@id\":\"https:\/\/www.canlluc.com\/blog\/#\/schema\/person\/d1f0ed1fabfe2418dbb130903246f8f4\",\"name\":\"Can Lluc\",\"image\":{\"@type\":\"ImageObject\",\"@id\":\"https:\/\/www.canlluc.com\/blog\/#personlogo\",\"inLanguage\":\"es\",\"url\":\"https:\/\/secure.gravatar.com\/avatar\/6d6f4ca47e6f2202cafd25ec9fb69261?s=96&d=mm&r=g\",\"caption\":\"Can Lluc\"},\"sameAs\":[\"https:\/\/www.canlluc.com\"]}]}<\/script>\n<!-- \/ Yoast SEO plugin. -->","_links":{"self":[{"href":"https:\/\/www.canlluc.com\/blog\/wp-json\/wp\/v2\/posts\/1311"}],"collection":[{"href":"https:\/\/www.canlluc.com\/blog\/wp-json\/wp\/v2\/posts"}],"about":[{"href":"https:\/\/www.canlluc.com\/blog\/wp-json\/wp\/v2\/types\/post"}],"author":[{"embeddable":true,"href":"https:\/\/www.canlluc.com\/blog\/wp-json\/wp\/v2\/users\/2"}],"replies":[{"embeddable":true,"href":"https:\/\/www.canlluc.com\/blog\/wp-json\/wp\/v2\/comments?post=1311"}],"version-history":[{"count":1,"href":"https:\/\/www.canlluc.com\/blog\/wp-json\/wp\/v2\/posts\/1311\/revisions"}],"predecessor-version":[{"id":1316,"href":"https:\/\/www.canlluc.com\/blog\/wp-json\/wp\/v2\/posts\/1311\/revisions\/1316"}],"wp:featuredmedia":[{"embeddable":true,"href":"https:\/\/www.canlluc.com\/blog\/wp-json\/wp\/v2\/media\/956"}],"wp:attachment":[{"href":"https:\/\/www.canlluc.com\/blog\/wp-json\/wp\/v2\/media?parent=1311"}],"wp:term":[{"taxonomy":"category","embeddable":true,"href":"https:\/\/www.canlluc.com\/blog\/wp-json\/wp\/v2\/categories?post=1311"},{"taxonomy":"post_tag","embeddable":true,"href":"https:\/\/www.canlluc.com\/blog\/wp-json\/wp\/v2\/tags?post=1311"}],"curies":[{"name":"wp","href":"https:\/\/api.w.org\/{rel}","templated":true}]}}