{"id":1092,"date":"2019-01-22T19:40:17","date_gmt":"2019-01-22T18:40:17","guid":{"rendered":"http:\/\/www.canlluc.com\/blog\/?p=1092"},"modified":"2019-04-16T08:57:24","modified_gmt":"2019-04-16T07:57:24","slug":"can-lluc-suma-un-nuevo-reconocimiento-su-lista-de-distinciones","status":"publish","type":"post","link":"https:\/\/www.canlluc.com\/blog\/can-lluc-suma-un-nuevo-reconocimiento-su-lista-de-distinciones\/","title":{"rendered":"Can Lluc suma un nuevo reconocimiento a su lista de distinciones"},"content":{"rendered":"<ul>\n<li><strong>El hotel rural ibicenco ha logrado una nueva distinci\u00f3n gracias a la calidad y diferenciaci\u00f3n de unos servicios e instalaciones completamente personalizado.<\/strong><\/li>\n<li><strong>La prestigiosa revista \u00abConde Nast Traveller\u00bb ha reconocido a este exclusivo agroturismo ibicenco como uno de sus alojamientos favoritos para el a\u00f1o 2019.<\/strong><\/li>\n<\/ul>\n<p><img decoding=\"async\" loading=\"lazy\" class=\"aligncenter wp-image-1114 size-full\" src=\"https:\/\/www.canlluc.com\/blog\/wp-content\/uploads\/2019\/01\/CanLluc6-1.png\" alt=\"\" width=\"565\" height=\"440\" srcset=\"https:\/\/www.canlluc.com\/blog\/wp-content\/uploads\/2019\/01\/CanLluc6-1.png 565w, https:\/\/www.canlluc.com\/blog\/wp-content\/uploads\/2019\/01\/CanLluc6-1-300x234.png 300w\" sizes=\"(max-width: 565px) 100vw, 565px\" \/><\/p>\n<p>Una insignia que sigue la estela de otros reconocimientos, que con los a\u00f1os han posicionado a Can Lluc dentro de los par\u00e1metros de calidad, sofisticaci\u00f3n y exclusividad. Todo en un entorno rural de lujo, con el Mediterr\u00e1neo de fondo y a tan solo 10 minutos en coche del centro de Ibiza.<\/p>\n<p>Entre el amplio repertorio de sellos tur\u00edsticos importantes que han distinguido a Can Lluc destacan el Certificado de Excelencia de TripAdvisor otorgado en a\u00f1os consecutivos, el Conde Nast Traveller Gold List 2013, \u00a0el sello de Compromiso de Calidad Tur\u00edstica de Turespa\u00f1a, o el sello de Calidad Balear, otorgado por el Govern de les Illes Balears.<\/p>\n<p>Can Lluc se mantiene as\u00ed como una experiencia completa que ofrece los servicios m\u00e1s exclusivos para sus hu\u00e9spedes, tanto en salud, lujo, deporte, gastronom\u00eda o naturaleza. La revista Conde Nast Traveller ha querido destacar en especial su oferta deportiva, que incluye la oportunidad de hacer yoga, jugar a golf, hacer excursiones en <em>scooter<\/em> y descubrir el Mediterr\u00e1neo en catamar\u00e1n o <em>llaut<\/em>.<\/p>\n","protected":false},"excerpt":{"rendered":"<p>El hotel rural ibicenco ha logrado una nueva distinci\u00f3n gracias a la calidad y diferenciaci\u00f3n de unos servicios e instalaciones completamente personalizado. La prestigiosa revista \u00abConde Nast Traveller\u00bb ha reconocido a este exclusivo agroturismo ibicenco como uno de sus alojamientos favoritos para el a\u00f1o 2019. Una insignia que sigue la estela de otros reconocimientos, que &#8230; <a title=\"Can Lluc suma un nuevo reconocimiento a su lista de distinciones\" class=\"read-more\" href=\"https:\/\/www.canlluc.com\/blog\/can-lluc-suma-un-nuevo-reconocimiento-su-lista-de-distinciones\/\" aria-label=\"M\u00e1s en Can Lluc suma un nuevo reconocimiento a su lista de distinciones\">Leer m\u00e1s<\/a><\/p>\n","protected":false},"author":2,"featured_media":1095,"comment_status":"open","ping_status":"open","sticky":false,"template":"","format":"standard","meta":[],"categories":[143],"tags":[],"yoast_head":"<!-- This site is optimized with the Yoast SEO plugin v15.2.1 - https:\/\/yoast.com\/wordpress\/plugins\/seo\/ -->\n<title>Can Lluc suma un nuevo reconocimiento a su lista de distinciones - Can Lluc | Blog<\/title>\n<meta name=\"robots\" content=\"index, follow, max-snippet:-1, max-image-preview:large, max-video-preview:-1\" \/>\n<link rel=\"canonical\" href=\"https:\/\/www.canlluc.com\/blog\/can-lluc-suma-un-nuevo-reconocimiento-su-lista-de-distinciones\/\" \/>\n<meta property=\"og:locale\" content=\"es_ES\" \/>\n<meta property=\"og:type\" content=\"article\" \/>\n<meta property=\"og:title\" content=\"Can Lluc suma un nuevo reconocimiento a su lista de distinciones - Can Lluc | Blog\" \/>\n<meta property=\"og:description\" content=\"El hotel rural ibicenco ha logrado una nueva distinci\u00f3n gracias a la calidad y diferenciaci\u00f3n de unos servicios e instalaciones completamente personalizado. La prestigiosa revista \u00abConde Nast Traveller\u00bb ha reconocido a este exclusivo agroturismo ibicenco como uno de sus alojamientos favoritos para el a\u00f1o 2019. Una insignia que sigue la estela de otros reconocimientos, que ... Leer m\u00e1s\" \/>\n<meta property=\"og:url\" content=\"https:\/\/www.canlluc.com\/blog\/can-lluc-suma-un-nuevo-reconocimiento-su-lista-de-distinciones\/\" \/>\n<meta property=\"og:site_name\" content=\"Can Lluc | Blog\" \/>\n<meta property=\"article:published_time\" content=\"2019-01-22T18:40:17+00:00\" \/>\n<meta property=\"article:modified_time\" content=\"2019-04-16T07:57:24+00:00\" \/>\n<meta property=\"og:image\" content=\"https:\/\/www.canlluc.com\/blog\/wp-content\/uploads\/2019\/01\/can_lluc_essentialibiza_2017_by_la_skimal022.jpg\" \/>\n\t<meta property=\"og:image:width\" content=\"900\" \/>\n\t<meta property=\"og:image:height\" content=\"600\" \/>\n<meta name=\"twitter:card\" content=\"summary\" \/>\n<meta name=\"twitter:label1\" content=\"Escrito por\">\n\t<meta name=\"twitter:data1\" content=\"Can Lluc\">\n\t<meta name=\"twitter:label2\" content=\"Tiempo de lectura\">\n\t<meta name=\"twitter:data2\" content=\"1 minuto\">\n<script type=\"application\/ld+json\" class=\"yoast-schema-graph\">{\"@context\":\"https:\/\/schema.org\",\"@graph\":[{\"@type\":\"WebSite\",\"@id\":\"https:\/\/www.canlluc.com\/blog\/#website\",\"url\":\"https:\/\/www.canlluc.com\/blog\/\",\"name\":\"Can Lluc | Blog\",\"description\":\"Historias mediterr\\u00e1neas, calma junto al mar y experiencias en Ibiza\",\"potentialAction\":[{\"@type\":\"SearchAction\",\"target\":\"https:\/\/www.canlluc.com\/blog\/?s={search_term_string}\",\"query-input\":\"required name=search_term_string\"}],\"inLanguage\":\"es\"},{\"@type\":\"ImageObject\",\"@id\":\"https:\/\/www.canlluc.com\/blog\/can-lluc-suma-un-nuevo-reconocimiento-su-lista-de-distinciones\/#primaryimage\",\"inLanguage\":\"es\",\"url\":\"https:\/\/www.canlluc.com\/blog\/wp-content\/uploads\/2019\/01\/can_lluc_essentialibiza_2017_by_la_skimal022.jpg\",\"width\":900,\"height\":600},{\"@type\":\"WebPage\",\"@id\":\"https:\/\/www.canlluc.com\/blog\/can-lluc-suma-un-nuevo-reconocimiento-su-lista-de-distinciones\/#webpage\",\"url\":\"https:\/\/www.canlluc.com\/blog\/can-lluc-suma-un-nuevo-reconocimiento-su-lista-de-distinciones\/\",\"name\":\"Can Lluc suma un nuevo reconocimiento a su lista de distinciones - Can Lluc | Blog\",\"isPartOf\":{\"@id\":\"https:\/\/www.canlluc.com\/blog\/#website\"},\"primaryImageOfPage\":{\"@id\":\"https:\/\/www.canlluc.com\/blog\/can-lluc-suma-un-nuevo-reconocimiento-su-lista-de-distinciones\/#primaryimage\"},\"datePublished\":\"2019-01-22T18:40:17+00:00\",\"dateModified\":\"2019-04-16T07:57:24+00:00\",\"author\":{\"@id\":\"https:\/\/www.canlluc.com\/blog\/#\/schema\/person\/d1f0ed1fabfe2418dbb130903246f8f4\"},\"breadcrumb\":{\"@id\":\"https:\/\/www.canlluc.com\/blog\/can-lluc-suma-un-nuevo-reconocimiento-su-lista-de-distinciones\/#breadcrumb\"},\"inLanguage\":\"es\",\"potentialAction\":[{\"@type\":\"ReadAction\",\"target\":[\"https:\/\/www.canlluc.com\/blog\/can-lluc-suma-un-nuevo-reconocimiento-su-lista-de-distinciones\/\"]}]},{\"@type\":\"BreadcrumbList\",\"@id\":\"https:\/\/www.canlluc.com\/blog\/can-lluc-suma-un-nuevo-reconocimiento-su-lista-de-distinciones\/#breadcrumb\",\"itemListElement\":[{\"@type\":\"ListItem\",\"position\":1,\"item\":{\"@type\":\"WebPage\",\"@id\":\"https:\/\/www.canlluc.com\/blog\/\",\"url\":\"https:\/\/www.canlluc.com\/blog\/\",\"name\":\"Home\"}},{\"@type\":\"ListItem\",\"position\":2,\"item\":{\"@type\":\"WebPage\",\"@id\":\"https:\/\/www.canlluc.com\/blog\/can-lluc-suma-un-nuevo-reconocimiento-su-lista-de-distinciones\/\",\"url\":\"https:\/\/www.canlluc.com\/blog\/can-lluc-suma-un-nuevo-reconocimiento-su-lista-de-distinciones\/\",\"name\":\"Can Lluc suma un nuevo reconocimiento a su lista de distinciones\"}}]},{\"@type\":\"Person\",\"@id\":\"https:\/\/www.canlluc.com\/blog\/#\/schema\/person\/d1f0ed1fabfe2418dbb130903246f8f4\",\"name\":\"Can Lluc\",\"image\":{\"@type\":\"ImageObject\",\"@id\":\"https:\/\/www.canlluc.com\/blog\/#personlogo\",\"inLanguage\":\"es\",\"url\":\"https:\/\/secure.gravatar.com\/avatar\/6d6f4ca47e6f2202cafd25ec9fb69261?s=96&d=mm&r=g\",\"caption\":\"Can Lluc\"},\"sameAs\":[\"https:\/\/www.canlluc.com\"]}]}<\/script>\n<!-- \/ Yoast SEO plugin. -->","_links":{"self":[{"href":"https:\/\/www.canlluc.com\/blog\/wp-json\/wp\/v2\/posts\/1092"}],"collection":[{"href":"https:\/\/www.canlluc.com\/blog\/wp-json\/wp\/v2\/posts"}],"about":[{"href":"https:\/\/www.canlluc.com\/blog\/wp-json\/wp\/v2\/types\/post"}],"author":[{"embeddable":true,"href":"https:\/\/www.canlluc.com\/blog\/wp-json\/wp\/v2\/users\/2"}],"replies":[{"embeddable":true,"href":"https:\/\/www.canlluc.com\/blog\/wp-json\/wp\/v2\/comments?post=1092"}],"version-history":[{"count":3,"href":"https:\/\/www.canlluc.com\/blog\/wp-json\/wp\/v2\/posts\/1092\/revisions"}],"predecessor-version":[{"id":1122,"href":"https:\/\/www.canlluc.com\/blog\/wp-json\/wp\/v2\/posts\/1092\/revisions\/1122"}],"wp:featuredmedia":[{"embeddable":true,"href":"https:\/\/www.canlluc.com\/blog\/wp-json\/wp\/v2\/media\/1095"}],"wp:attachment":[{"href":"https:\/\/www.canlluc.com\/blog\/wp-json\/wp\/v2\/media?parent=1092"}],"wp:term":[{"taxonomy":"category","embeddable":true,"href":"https:\/\/www.canlluc.com\/blog\/wp-json\/wp\/v2\/categories?post=1092"},{"taxonomy":"post_tag","embeddable":true,"href":"https:\/\/www.canlluc.com\/blog\/wp-json\/wp\/v2\/tags?post=1092"}],"curies":[{"name":"wp","href":"https:\/\/api.w.org\/{rel}","templated":true}]}}