{"id":1031,"date":"2018-12-03T19:11:32","date_gmt":"2018-12-03T18:11:32","guid":{"rendered":"http:\/\/www.canlluc.com\/blog\/?p=1031"},"modified":"2019-04-16T09:04:06","modified_gmt":"2019-04-16T08:04:06","slug":"can-lluc-boutique-country-hotel-villas-da-la-bienvenida-la-navidad","status":"publish","type":"post","link":"https:\/\/www.canlluc.com\/blog\/can-lluc-boutique-country-hotel-villas-da-la-bienvenida-la-navidad\/","title":{"rendered":"En Can Lluc Boutique Country Hotel &#038; Villas damos la bienvenida a la Navidad"},"content":{"rendered":"<p><strong>En nuestro restaurante, Olea de Can LLuc, acogemos<\/strong><strong>\u00a0hasta enero nuestros men\u00fas de producto local por 25 euros <\/strong><\/p>\n<p>En Can Lluc Boutique Country Hotel &amp; Villas dimos ayer domingo la bienvenida a la Navidad con el tradicional encendido de nuestro \u00e1rbol en el marco de un c\u00f3ctel al que asistieron un centenar de personas de la isla tanto locales como residentes extranjeros. Una cita que culmin\u00f3 con la degustaci\u00f3n de nuestro men\u00fa Ibiza Sabors en su \u00faltimo de fin de semana oficial pero que, ante la gran aceptaci\u00f3n del p\u00fablico, extenderemos hasta el pr\u00f3ximo 31 de enero. Una jornada en la que, adem\u00e1s, presentamos el programa de actividades que celebraremos durante todo el invierno y que incluye un men\u00fa especial el 6 de enero, D\u00eda de Reyes, una noche \u00fanica de San Valent\u00edn o las cal\u00e7otadas que cobrar\u00e1n vida todos los domingos de febrero, entre otras acciones.<\/p>\n<p>Nuestro establecimiento, abierto todo el a\u00f1o, est\u00e1 ubicado en pleno coraz\u00f3n de la isla y rodeado de naturaleza. Dispone de 20 habitaciones, perfectas para escapadas familiares o en pareja, as\u00ed como retiros espirituales y de salud, donde aunar la gastronom\u00eda, la tranquilidad y la magia de la isla en los meses m\u00e1s tranquilos del a\u00f1o. Gracias a las suaves temperaturas se convierte en el destino perfecto para quienes buscan dar vida a eventos o pasar un d\u00eda al aire libre disfrutando de nuestro restaurante y entorno que dispone de barbacoa y parque infantil. Contamos, asimismo, con ofertas para residentes que permiten disfrutar de paquetes rom\u00e1nticos, <em>lady\u2019s night<\/em>, tratamientos corporales o masajes.<\/p>\n<p>En Can Lluc Boutique Country Hotel &amp; Villas contamos con 7 suites dobles, 5 habitaciones superiores y 8 villas junior suite, todas acondicionadas para el invierno, con calefacci\u00f3n, terrazas soleadas o chimenea.<\/p>\n<p>Disponemos tambi\u00e9n de un gimnasio propio, jacuzzi y amplios jardines y con una amplia sala de reuniones donde poder celebrar todo tipo de actividades. De este modo es posible celebrar grandes fechas como Navidades, San Valent\u00edn o bodas, disponiendo de todas las instalaciones y con las mejores vistas, en pleno valle de Sant Rafel, rodeado de \u00e1rboles frutales.<\/p>\n<p><img decoding=\"async\" loading=\"lazy\" class=\"aligncenter size-medium wp-image-1036\" src=\"https:\/\/www.canlluc.com\/blog\/wp-content\/uploads\/2018\/12\/CANLLUCNAVIDAD5-300x211.jpg\" alt=\"\" width=\"300\" height=\"211\" srcset=\"https:\/\/www.canlluc.com\/blog\/wp-content\/uploads\/2018\/12\/CANLLUCNAVIDAD5-300x211.jpg 300w, https:\/\/www.canlluc.com\/blog\/wp-content\/uploads\/2018\/12\/CANLLUCNAVIDAD5-768x539.jpg 768w, https:\/\/www.canlluc.com\/blog\/wp-content\/uploads\/2018\/12\/CANLLUCNAVIDAD5-1024x719.jpg 1024w\" sizes=\"(max-width: 300px) 100vw, 300px\" \/> <img decoding=\"async\" loading=\"lazy\" class=\"aligncenter size-medium wp-image-1034\" src=\"https:\/\/www.canlluc.com\/blog\/wp-content\/uploads\/2018\/12\/CANLLUCNAVIDAD1-300x169.jpg\" alt=\"\" width=\"300\" height=\"169\" srcset=\"https:\/\/www.canlluc.com\/blog\/wp-content\/uploads\/2018\/12\/CANLLUCNAVIDAD1-300x169.jpg 300w, https:\/\/www.canlluc.com\/blog\/wp-content\/uploads\/2018\/12\/CANLLUCNAVIDAD1-768x432.jpg 768w, https:\/\/www.canlluc.com\/blog\/wp-content\/uploads\/2018\/12\/CANLLUCNAVIDAD1-1024x576.jpg 1024w\" sizes=\"(max-width: 300px) 100vw, 300px\" \/> <img decoding=\"async\" loading=\"lazy\" class=\"aligncenter size-medium wp-image-1032\" src=\"https:\/\/www.canlluc.com\/blog\/wp-content\/uploads\/2018\/12\/CANLLUCNAVIDAD3-300x169.jpg\" alt=\"\" width=\"300\" height=\"169\" srcset=\"https:\/\/www.canlluc.com\/blog\/wp-content\/uploads\/2018\/12\/CANLLUCNAVIDAD3-300x169.jpg 300w, https:\/\/www.canlluc.com\/blog\/wp-content\/uploads\/2018\/12\/CANLLUCNAVIDAD3-1024x576.jpg 1024w, https:\/\/www.canlluc.com\/blog\/wp-content\/uploads\/2018\/12\/CANLLUCNAVIDAD3-768x432.jpg 768w, https:\/\/www.canlluc.com\/blog\/wp-content\/uploads\/2018\/12\/CANLLUCNAVIDAD3-1536x864.jpg 1536w, https:\/\/www.canlluc.com\/blog\/wp-content\/uploads\/2018\/12\/CANLLUCNAVIDAD3-2048x1152.jpg 2048w\" sizes=\"(max-width: 300px) 100vw, 300px\" \/><\/p>\n<p>&nbsp;<\/p>\n","protected":false},"excerpt":{"rendered":"<p>En nuestro restaurante, Olea de Can LLuc, acogemos\u00a0hasta enero nuestros men\u00fas de producto local por 25 euros En Can Lluc Boutique Country Hotel &amp; Villas dimos ayer domingo la bienvenida a la Navidad con el tradicional encendido de nuestro \u00e1rbol en el marco de un c\u00f3ctel al que asistieron un centenar de personas de la &#8230; <a title=\"En Can Lluc Boutique Country Hotel &#038; Villas damos la bienvenida a la Navidad\" class=\"read-more\" href=\"https:\/\/www.canlluc.com\/blog\/can-lluc-boutique-country-hotel-villas-da-la-bienvenida-la-navidad\/\" aria-label=\"M\u00e1s en En Can Lluc Boutique Country Hotel &#038; Villas damos la bienvenida a la Navidad\">Leer m\u00e1s<\/a><\/p>\n","protected":false},"author":2,"featured_media":1032,"comment_status":"open","ping_status":"open","sticky":false,"template":"","format":"standard","meta":[],"categories":[142],"tags":[],"yoast_head":"<!-- This site is optimized with the Yoast SEO plugin v15.2.1 - https:\/\/yoast.com\/wordpress\/plugins\/seo\/ -->\n<title>En Can Lluc Boutique Country Hotel &amp; Villas damos la bienvenida a la Navidad<\/title>\n<meta name=\"description\" content=\"En Can Lluc Boutique Country Hotel &amp; Villas dimos ayer domingo la bienvenida a la Navidad con el tradicional encendido de nuestro \u00e1rbol en el marco de un c\u00f3ctel al que asistieron un centenar de personas de la isla.\" \/>\n<meta name=\"robots\" content=\"index, follow, max-snippet:-1, max-image-preview:large, max-video-preview:-1\" \/>\n<link rel=\"canonical\" href=\"https:\/\/www.canlluc.com\/blog\/can-lluc-boutique-country-hotel-villas-da-la-bienvenida-la-navidad\/\" \/>\n<meta property=\"og:locale\" content=\"es_ES\" \/>\n<meta property=\"og:type\" content=\"article\" \/>\n<meta property=\"og:title\" content=\"En Can Lluc Boutique Country Hotel &amp; Villas damos la bienvenida a la Navidad\" \/>\n<meta property=\"og:description\" content=\"En Can Lluc Boutique Country Hotel &amp; Villas dimos ayer domingo la bienvenida a la Navidad con el tradicional encendido de nuestro \u00e1rbol en el marco de un c\u00f3ctel al que asistieron un centenar de personas de la isla.\" \/>\n<meta property=\"og:url\" content=\"https:\/\/www.canlluc.com\/blog\/can-lluc-boutique-country-hotel-villas-da-la-bienvenida-la-navidad\/\" \/>\n<meta property=\"og:site_name\" content=\"Can Lluc | Blog\" \/>\n<meta property=\"article:published_time\" content=\"2018-12-03T18:11:32+00:00\" \/>\n<meta property=\"article:modified_time\" content=\"2019-04-16T08:04:06+00:00\" \/>\n<meta property=\"og:image\" content=\"https:\/\/www.canlluc.com\/blog\/wp-content\/uploads\/2018\/12\/CANLLUCNAVIDAD3-scaled.jpg\" \/>\n\t<meta property=\"og:image:width\" content=\"2560\" \/>\n\t<meta property=\"og:image:height\" content=\"1439\" \/>\n<meta name=\"twitter:card\" content=\"summary\" \/>\n<meta name=\"twitter:label1\" content=\"Escrito por\">\n\t<meta name=\"twitter:data1\" content=\"Can Lluc\">\n\t<meta name=\"twitter:label2\" content=\"Tiempo de lectura\">\n\t<meta name=\"twitter:data2\" content=\"1 minuto\">\n<script type=\"application\/ld+json\" class=\"yoast-schema-graph\">{\"@context\":\"https:\/\/schema.org\",\"@graph\":[{\"@type\":\"WebSite\",\"@id\":\"https:\/\/www.canlluc.com\/blog\/#website\",\"url\":\"https:\/\/www.canlluc.com\/blog\/\",\"name\":\"Can Lluc | Blog\",\"description\":\"Historias mediterr\\u00e1neas, calma junto al mar y experiencias en Ibiza\",\"potentialAction\":[{\"@type\":\"SearchAction\",\"target\":\"https:\/\/www.canlluc.com\/blog\/?s={search_term_string}\",\"query-input\":\"required name=search_term_string\"}],\"inLanguage\":\"es\"},{\"@type\":\"ImageObject\",\"@id\":\"https:\/\/www.canlluc.com\/blog\/can-lluc-boutique-country-hotel-villas-da-la-bienvenida-la-navidad\/#primaryimage\",\"inLanguage\":\"es\",\"url\":\"https:\/\/www.canlluc.com\/blog\/wp-content\/uploads\/2018\/12\/CANLLUCNAVIDAD3-scaled.jpg\",\"width\":2560,\"height\":1439},{\"@type\":\"WebPage\",\"@id\":\"https:\/\/www.canlluc.com\/blog\/can-lluc-boutique-country-hotel-villas-da-la-bienvenida-la-navidad\/#webpage\",\"url\":\"https:\/\/www.canlluc.com\/blog\/can-lluc-boutique-country-hotel-villas-da-la-bienvenida-la-navidad\/\",\"name\":\"En Can Lluc Boutique Country Hotel & Villas damos la bienvenida a la Navidad\",\"isPartOf\":{\"@id\":\"https:\/\/www.canlluc.com\/blog\/#website\"},\"primaryImageOfPage\":{\"@id\":\"https:\/\/www.canlluc.com\/blog\/can-lluc-boutique-country-hotel-villas-da-la-bienvenida-la-navidad\/#primaryimage\"},\"datePublished\":\"2018-12-03T18:11:32+00:00\",\"dateModified\":\"2019-04-16T08:04:06+00:00\",\"author\":{\"@id\":\"https:\/\/www.canlluc.com\/blog\/#\/schema\/person\/d1f0ed1fabfe2418dbb130903246f8f4\"},\"description\":\"En Can Lluc Boutique Country Hotel & Villas dimos ayer domingo la bienvenida a la Navidad con el tradicional encendido de nuestro \\u00e1rbol en el marco de un c\\u00f3ctel al que asistieron un centenar de personas de la isla.\",\"breadcrumb\":{\"@id\":\"https:\/\/www.canlluc.com\/blog\/can-lluc-boutique-country-hotel-villas-da-la-bienvenida-la-navidad\/#breadcrumb\"},\"inLanguage\":\"es\",\"potentialAction\":[{\"@type\":\"ReadAction\",\"target\":[\"https:\/\/www.canlluc.com\/blog\/can-lluc-boutique-country-hotel-villas-da-la-bienvenida-la-navidad\/\"]}]},{\"@type\":\"BreadcrumbList\",\"@id\":\"https:\/\/www.canlluc.com\/blog\/can-lluc-boutique-country-hotel-villas-da-la-bienvenida-la-navidad\/#breadcrumb\",\"itemListElement\":[{\"@type\":\"ListItem\",\"position\":1,\"item\":{\"@type\":\"WebPage\",\"@id\":\"https:\/\/www.canlluc.com\/blog\/\",\"url\":\"https:\/\/www.canlluc.com\/blog\/\",\"name\":\"Home\"}},{\"@type\":\"ListItem\",\"position\":2,\"item\":{\"@type\":\"WebPage\",\"@id\":\"https:\/\/www.canlluc.com\/blog\/can-lluc-boutique-country-hotel-villas-da-la-bienvenida-la-navidad\/\",\"url\":\"https:\/\/www.canlluc.com\/blog\/can-lluc-boutique-country-hotel-villas-da-la-bienvenida-la-navidad\/\",\"name\":\"En Can Lluc Boutique Country Hotel &#038; Villas damos la bienvenida a la Navidad\"}}]},{\"@type\":\"Person\",\"@id\":\"https:\/\/www.canlluc.com\/blog\/#\/schema\/person\/d1f0ed1fabfe2418dbb130903246f8f4\",\"name\":\"Can Lluc\",\"image\":{\"@type\":\"ImageObject\",\"@id\":\"https:\/\/www.canlluc.com\/blog\/#personlogo\",\"inLanguage\":\"es\",\"url\":\"https:\/\/secure.gravatar.com\/avatar\/6d6f4ca47e6f2202cafd25ec9fb69261?s=96&d=mm&r=g\",\"caption\":\"Can Lluc\"},\"sameAs\":[\"https:\/\/www.canlluc.com\"]}]}<\/script>\n<!-- \/ Yoast SEO plugin. -->","_links":{"self":[{"href":"https:\/\/www.canlluc.com\/blog\/wp-json\/wp\/v2\/posts\/1031"}],"collection":[{"href":"https:\/\/www.canlluc.com\/blog\/wp-json\/wp\/v2\/posts"}],"about":[{"href":"https:\/\/www.canlluc.com\/blog\/wp-json\/wp\/v2\/types\/post"}],"author":[{"embeddable":true,"href":"https:\/\/www.canlluc.com\/blog\/wp-json\/wp\/v2\/users\/2"}],"replies":[{"embeddable":true,"href":"https:\/\/www.canlluc.com\/blog\/wp-json\/wp\/v2\/comments?post=1031"}],"version-history":[{"count":1,"href":"https:\/\/www.canlluc.com\/blog\/wp-json\/wp\/v2\/posts\/1031\/revisions"}],"predecessor-version":[{"id":1038,"href":"https:\/\/www.canlluc.com\/blog\/wp-json\/wp\/v2\/posts\/1031\/revisions\/1038"}],"wp:featuredmedia":[{"embeddable":true,"href":"https:\/\/www.canlluc.com\/blog\/wp-json\/wp\/v2\/media\/1032"}],"wp:attachment":[{"href":"https:\/\/www.canlluc.com\/blog\/wp-json\/wp\/v2\/media?parent=1031"}],"wp:term":[{"taxonomy":"category","embeddable":true,"href":"https:\/\/www.canlluc.com\/blog\/wp-json\/wp\/v2\/categories?post=1031"},{"taxonomy":"post_tag","embeddable":true,"href":"https:\/\/www.canlluc.com\/blog\/wp-json\/wp\/v2\/tags?post=1031"}],"curies":[{"name":"wp","href":"https:\/\/api.w.org\/{rel}","templated":true}]}}