{"id":10075,"date":"2026-03-05T11:45:58","date_gmt":"2026-03-05T10:45:58","guid":{"rendered":"https:\/\/www.canlluc.com\/blog\/?p=10075"},"modified":"2026-03-05T11:45:58","modified_gmt":"2026-03-05T10:45:58","slug":"sonnenfinsternis-ibiza-2026","status":"publish","type":"post","link":"https:\/\/www.canlluc.com\/blog\/de\/sonnenfinsternis-ibiza-2026\/","title":{"rendered":"Sonnenfinsternis Ibiza 2026: Ein kosmisches Erlebnis zum Sonnenuntergang"},"content":{"rendered":"<p><span style=\"font-weight: 400;\">Am <\/span><b>12. August 2026<\/b><span style=\"font-weight: 400;\"> werden die Himmel \u00fcber Ibiza Zeuge eines au\u00dfergew\u00f6hnlichen Ereignisses: einer <\/span><b>totalen Sonnenfinsternis<\/b><span style=\"font-weight: 400;\">, die von der Insel aus sichtbar sein wird und mit dem Sonnenuntergang zusammenf\u00e4llt. Ein astronomisches Ph\u00e4nomen, das auf Ibiza zuletzt <\/span><b>1905<\/b><span style=\"font-weight: 400;\"> zu sehen war und sich erst wieder in vielen Generationen wiederholen wird.<\/span><\/p>\n<p><span style=\"font-weight: 400;\">F\u00fcr etwas mehr als eine Minute verwandelt sich der Tag in D\u00e4mmerung, w\u00e4hrend der Mond die Sonne vollst\u00e4ndig verdeckt. Ein kurzer, aber tief beeindruckender Moment, der dazu einl\u00e4dt, innezuhalten, den Blick zum Himmel zu richten und die Natur mit Staunen und Respekt zu erleben. Wenn Sie wissen m\u00f6chten, wo Sie die Sonnenfinsternis im August 2026 auf Ibiza beobachten k\u00f6nnen, bereiten wir im <\/span><b>Can Lluc Boutique Country Hotel &amp; Villas<\/b><span style=\"font-weight: 400;\"> eine besondere Erfahrung vor, die diesen Ort zu einem der eindrucksvollsten Pl\u00e4tze macht, um dieses Ereignis zu erleben.<\/span><\/p>\n<h2><span style=\"font-weight: 400;\">Ein historisches Ereignis, das Ibiza in den Mittelpunkt r\u00fcckt<\/span><\/h2>\n<p><span style=\"font-weight: 400;\">Ibiza liegt innerhalb des zentralen Bereichs der Totalit\u00e4tszone und geh\u00f6rt damit zu den privilegierten Orten in Spanien, um die Sonnenfinsternis zu beobachten. Astronomie-Experten sind sich einig, dass es sich um die <\/span><b>bedeutendste Sonnenfinsternis des letzten Jahrhunderts<\/b><span style=\"font-weight: 400;\"> handelt, die von Spanien aus sichtbar sein wird.<\/span><\/p>\n<p><span style=\"font-weight: 400;\">Dass das Ereignis mit dem Sonnenuntergang zusammenf\u00e4llt, verleiht ihm eine ganz besondere visuelle Dimension: Das Tageslicht wird allm\u00e4hlich schw\u00e4cher, bis eine unerwartete Dunkelheit eintritt, gefolgt von einem Sonnenuntergang, der besonders spektakul\u00e4r sein d\u00fcrfte.<\/span><\/p>\n<p><span style=\"font-weight: 400;\">Es \u00fcberrascht daher nicht, dass dieses Ereignis weltweit gro\u00dfe Aufmerksamkeit erregt. Erwartet werden Reisende, die sich f\u00fcr Astronomie, Fotografie und au\u00dfergew\u00f6hnliche Naturerlebnisse interessieren.<\/span><\/p>\n<figure id=\"attachment_10054\" aria-describedby=\"caption-attachment-10054\" style=\"width: 240px\" class=\"wp-caption aligncenter\"><img decoding=\"async\" loading=\"lazy\" class=\"wp-image-10054 size-full\" src=\"https:\/\/www.canlluc.com\/blog\/wp-content\/uploads\/2026\/02\/SE2026Aug12T.gif\" alt=\"Simulation Sonnenfinsternis Ibiza 2026\" width=\"250\" height=\"270\" \/><figcaption id=\"caption-attachment-10054\" class=\"wp-caption-text\">eclipse-spain.es<\/figcaption><\/figure>\n<h2><span style=\"font-weight: 400;\">Was ist eine totale Sonnenfinsternis?<\/span><\/h2>\n<p><span style=\"font-weight: 400;\">Eine <\/span><b>totale Sonnenfinsternis<\/b><span style=\"font-weight: 400;\"> entsteht, wenn sich der Mond direkt zwischen Erde und Sonne schiebt und die Sonnenscheibe f\u00fcr einige Sekunden oder Minuten vollst\u00e4ndig verdeckt. W\u00e4hrend dieser kurzen Zeit verdunkelt sich der Himmel, die Temperatur kann leicht sinken und die Umgebung nimmt eine ganz besondere Atmosph\u00e4re an.<\/span><\/p>\n<h2><span style=\"font-weight: 400;\">Die totale Sonnenfinsternis am 12. August 2026: Was Experten sagen<\/span><\/h2>\n<p><span style=\"font-weight: 400;\">Um die Bedeutung dieses Ereignisses richtig einordnen zu k\u00f6nnen, lohnt sich ein Blick auf wissenschaftliche Quellen. Laut den Daten von <\/span><a href=\"https:\/\/eclipse-spain.es\/index.php\/es\/eclipse-total-de-sol-2026-12-de-agosto\" target=\"_blank\" rel=\"noopener\"><b>Eclipse Spain<\/b><\/a><span style=\"font-weight: 400;\"> und dem <\/span><b>Spanischen Geographischen Institut (IGN)<\/b><span style=\"font-weight: 400;\"> wird die totale Sonnenfinsternis am <\/span><b>12. August 2026<\/b><span style=\"font-weight: 400;\"> die erste sein, die seit mehr als einem Jahrhundert von Spanien aus sichtbar ist und eines der wichtigsten astronomischen Ereignisse des 21. Jahrhunderts im Mittelmeerraum darstellt.<\/span><\/p>\n<p><span style=\"font-weight: 400;\">Die Totalit\u00e4tszone wird die Iberische Halbinsel von Westen nach Osten durchqueren und direkt \u00fcber die <\/span><b>Balearen<\/b><span style=\"font-weight: 400;\"> verlaufen, wodurch <\/span><b>Ibiza<\/b><span style=\"font-weight: 400;\"> zu einem besonders g\u00fcnstigen Ort f\u00fcr die Beobachtung wird. Auf der Insel wird die Phase der Totalit\u00e4t <\/span><b>etwas mehr als eine Minute<\/b><span style=\"font-weight: 400;\"> dauern und mit dem <\/span><b>Sonnenuntergang<\/b><span style=\"font-weight: 400;\"> zusammenfallen, wenn die Sonne bereits sehr tief am Horizont steht.<\/span><\/p>\n<p><span style=\"font-weight: 400;\">Dieser Umstand macht die Sonnenfinsternis auf Ibiza besonders einzigartig: Der \u00dcbergang vom Tageslicht zur D\u00e4mmerung wird intensiver und visuell eindrucksvoller sein als an vielen anderen Orten entlang der Finsternisbahn.<\/span><\/p>\n<figure id=\"attachment_10035\" aria-describedby=\"caption-attachment-10035\" style=\"width: 872px\" class=\"wp-caption aligncenter\"><img decoding=\"async\" loading=\"lazy\" class=\"wp-image-10035 size-full\" src=\"https:\/\/www.canlluc.com\/blog\/wp-content\/uploads\/2026\/02\/E-2026-interactivo.png\" alt=\"Totalit\u00e4tszone Sonnenfinsternis Ibiza 12 August 2026\" width=\"882\" height=\"681\" srcset=\"https:\/\/www.canlluc.com\/blog\/wp-content\/uploads\/2026\/02\/E-2026-interactivo.png 882w, https:\/\/www.canlluc.com\/blog\/wp-content\/uploads\/2026\/02\/E-2026-interactivo-300x232.png 300w, https:\/\/www.canlluc.com\/blog\/wp-content\/uploads\/2026\/02\/E-2026-interactivo-768x593.png 768w\" sizes=\"(max-width: 882px) 100vw, 882px\" \/><figcaption id=\"caption-attachment-10035\" class=\"wp-caption-text\">https:\/\/eclipse-spain.es\/index.php\/es\/eclipse-total-de-sol-2026-12-de-agosto<\/figcaption><\/figure>\n<h3><span style=\"font-weight: 400;\">Ibiza innerhalb der Totalit\u00e4tszone<\/span><\/h3>\n<p><span style=\"font-weight: 400;\">Astronomische Werkzeuge wie die <\/span><b>interaktive Karte des Spezialisten Xavier Jubier<\/b><span style=\"font-weight: 400;\"> erm\u00f6glichen eine pr\u00e4zise Analyse, wie sich die totale Sonnenfinsternis am <\/span><b>12. August 2026<\/b><span style=\"font-weight: 400;\"> auf jeden Punkt der Insel auswirken wird. Diese Simulationen best\u00e4tigen, dass Ibiza in einer <\/span><b>besonders g\u00fcnstigen Position innerhalb der Totalit\u00e4tszone<\/b><span style=\"font-weight: 400;\"> liegt, mit optimaler Sichtbarkeit vor allem an h\u00f6her gelegenen Orten mit westlicher Ausrichtung.<\/span><\/p>\n<p><span style=\"font-weight: 400;\">Im Fall von <\/span><b>Can Lluc<\/b><span style=\"font-weight: 400;\"> zeigt die interaktive Karte genau, wie sich das Ph\u00e4nomen vom Gel\u00e4nde des Hotels aus entwickeln wird und erlaubt es, sowohl die Zeiten als auch die Dauer der einzelnen Phasen der Sonnenfinsternis zu visualisieren.<\/span><\/p>\n<p><span style=\"font-weight: 400;\">\u00dcber den folgenden Link k\u00f6nnen Sie die interaktive Karte aufrufen und sehen, wie sich die Sonnenfinsternis genau in Can Lluc und auf der gesamten Insel auswirkt:<\/span><\/p>\n<p><a href=\"http:\/\/xjubier.free.fr\/en\/site_pages\/solar_eclipses\/TSE_2026_GoogleMapFull.html?Lat=38.98210&amp;Lng=1.39064&amp;Elv=110.0&amp;Zoom=17&amp;LC=1\">http:\/\/xjubier.free.fr\/en\/site_pages\/solar_eclipses\/TSE_2026_GoogleMapFull.html?Lat=38.98210&amp;Lng=1.39064&amp;Elv=110.0&amp;Zoom=17&amp;LC=1<\/a><\/p>\n<p><img decoding=\"async\" loading=\"lazy\" class=\"aligncenter wp-image-10044 size-full\" src=\"https:\/\/www.canlluc.com\/blog\/wp-content\/uploads\/2026\/02\/Eclipsetotalibiza_DesdeCanlluc-1.jpg\" alt=\"Simulation totale Sonnenfinsternis Can Lluc Ibiza 2026\" width=\"1400\" height=\"875\" srcset=\"https:\/\/www.canlluc.com\/blog\/wp-content\/uploads\/2026\/02\/Eclipsetotalibiza_DesdeCanlluc-1.jpg 1400w, https:\/\/www.canlluc.com\/blog\/wp-content\/uploads\/2026\/02\/Eclipsetotalibiza_DesdeCanlluc-1-300x188.jpg 300w, https:\/\/www.canlluc.com\/blog\/wp-content\/uploads\/2026\/02\/Eclipsetotalibiza_DesdeCanlluc-1-1024x640.jpg 1024w, https:\/\/www.canlluc.com\/blog\/wp-content\/uploads\/2026\/02\/Eclipsetotalibiza_DesdeCanlluc-1-768x480.jpg 768w\" sizes=\"(max-width: 1400px) 100vw, 1400px\" \/><\/p>\n<h3><span style=\"font-weight: 400;\">Was zeigt diese Simulation?<\/span><\/h3>\n<p><span style=\"font-weight: 400;\">Diese interaktive Karte erm\u00f6glicht es, visuell und pr\u00e4zise zu verstehen, wie die totale Sonnenfinsternis am 12. August 2026 jeden Teil von Ibiza beeinflussen wird \u2013 einschlie\u00dflich der genauen Lage von Can Lluc \u2013 und warum die Position und Ausrichtung des Hotels besonders gut f\u00fcr die Beobachtung geeignet sind.<\/span><\/p>\n<p><span style=\"font-weight: 400;\">Die Simulation zeigt, dass der <\/span><b>Zeitpunkt der maximalen Totalit\u00e4t<\/b><span style=\"font-weight: 400;\"> etwa um <\/span><b>18:33 Universal Time (UT)<\/b><span style=\"font-weight: 400;\"> stattfinden wird. Da auf Ibiza Sommerzeit (UTC +2) gilt, entspricht dies ungef\u00e4hr <\/span><b>20:33 Ortszeit<\/b><span style=\"font-weight: 400;\"> und f\u00e4llt mit dem <\/span><b>Sonnenuntergang<\/b><span style=\"font-weight: 400;\"> zusammen.<\/span><\/p>\n<p><span style=\"font-weight: 400;\">In diesem Moment wird die Sonnenscheibe f\u00fcr etwas mehr als eine Minute vollst\u00e4ndig vom Mond verdeckt, wodurch sich das Tageslicht in eine unerwartete D\u00e4mmerung verwandelt.<\/span><\/p>\n","protected":false},"excerpt":{"rendered":"<p>Am 12. August 2026 werden die Himmel \u00fcber Ibiza Zeuge eines au\u00dfergew\u00f6hnlichen Ereignisses: einer totalen Sonnenfinsternis, die von der Insel aus sichtbar sein wird und mit dem Sonnenuntergang zusammenf\u00e4llt. Ein astronomisches Ph\u00e4nomen, das auf Ibiza zuletzt 1905 zu sehen war und sich erst wieder in vielen Generationen wiederholen wird. F\u00fcr etwas mehr als eine Minute &#8230; <a title=\"Sonnenfinsternis Ibiza 2026: Ein kosmisches Erlebnis zum Sonnenuntergang\" class=\"read-more\" href=\"https:\/\/www.canlluc.com\/blog\/de\/sonnenfinsternis-ibiza-2026\/\" aria-label=\"Mehr bei Sonnenfinsternis Ibiza 2026: Ein kosmisches Erlebnis zum Sonnenuntergang\">Weiterlesen &#8230;<\/a><\/p>\n","protected":false},"author":2,"featured_media":10049,"comment_status":"open","ping_status":"open","sticky":false,"template":"","format":"standard","meta":[],"categories":[662],"tags":[],"yoast_head":"<!-- This site is optimized with the Yoast SEO plugin v15.2.1 - https:\/\/yoast.com\/wordpress\/plugins\/seo\/ -->\n<title>Sonnenfinsternis Ibiza 2026: Einzigartiges Erlebnis bei Sonnenuntergang<\/title>\n<meta name=\"description\" content=\"Totale Sonnenfinsternis am 12. August 2026 auf Ibiza. Entdecken Sie einen besonderen Ort, um dieses seltene Himmelsereignis zu erleben.\" \/>\n<meta name=\"robots\" content=\"index, follow, max-snippet:-1, max-image-preview:large, max-video-preview:-1\" \/>\n<link rel=\"canonical\" href=\"https:\/\/www.canlluc.com\/blog\/de\/sonnenfinsternis-ibiza-2026\/\" \/>\n<meta property=\"og:locale\" content=\"de_DE\" \/>\n<meta property=\"og:type\" content=\"article\" \/>\n<meta property=\"og:title\" content=\"Sonnenfinsternis Ibiza 2026: Einzigartiges Erlebnis bei Sonnenuntergang\" \/>\n<meta property=\"og:description\" content=\"Totale Sonnenfinsternis am 12. August 2026 auf Ibiza. Entdecken Sie einen besonderen Ort, um dieses seltene Himmelsereignis zu erleben.\" \/>\n<meta property=\"og:url\" content=\"https:\/\/www.canlluc.com\/blog\/de\/sonnenfinsternis-ibiza-2026\/\" \/>\n<meta property=\"og:site_name\" content=\"Can Lluc | Blog\" \/>\n<meta property=\"article:published_time\" content=\"2026-03-05T10:45:58+00:00\" \/>\n<meta property=\"og:image\" content=\"https:\/\/www.canlluc.com\/blog\/wp-content\/uploads\/2026\/02\/Eclipse_Total_Ibiza.png\" \/>\n\t<meta property=\"og:image:width\" content=\"972\" \/>\n\t<meta property=\"og:image:height\" content=\"567\" \/>\n<meta name=\"twitter:card\" content=\"summary\" \/>\n<meta name=\"twitter:label1\" content=\"Written by\">\n\t<meta name=\"twitter:data1\" content=\"Can Lluc\">\n\t<meta name=\"twitter:label2\" content=\"Est. reading time\">\n\t<meta name=\"twitter:data2\" content=\"3 Minuten\">\n<script type=\"application\/ld+json\" class=\"yoast-schema-graph\">{\"@context\":\"https:\/\/schema.org\",\"@graph\":[{\"@type\":\"WebSite\",\"@id\":\"https:\/\/www.canlluc.com\/blog\/de\/#website\",\"url\":\"https:\/\/www.canlluc.com\/blog\/de\/\",\"name\":\"Can Lluc | Blog\",\"description\":\"Otro sitio realizado con WordPress\",\"potentialAction\":[{\"@type\":\"SearchAction\",\"target\":\"https:\/\/www.canlluc.com\/blog\/de\/?s={search_term_string}\",\"query-input\":\"required name=search_term_string\"}],\"inLanguage\":\"de-DE\"},{\"@type\":\"ImageObject\",\"@id\":\"https:\/\/www.canlluc.com\/blog\/de\/sonnenfinsternis-ibiza-2026\/#primaryimage\",\"inLanguage\":\"de-DE\",\"url\":\"https:\/\/www.canlluc.com\/blog\/wp-content\/uploads\/2026\/02\/Eclipse_Total_Ibiza.png\",\"width\":972,\"height\":567,\"caption\":\"Eclipse Total Ibiza\"},{\"@type\":\"WebPage\",\"@id\":\"https:\/\/www.canlluc.com\/blog\/de\/sonnenfinsternis-ibiza-2026\/#webpage\",\"url\":\"https:\/\/www.canlluc.com\/blog\/de\/sonnenfinsternis-ibiza-2026\/\",\"name\":\"Sonnenfinsternis Ibiza 2026: Einzigartiges Erlebnis bei Sonnenuntergang\",\"isPartOf\":{\"@id\":\"https:\/\/www.canlluc.com\/blog\/de\/#website\"},\"primaryImageOfPage\":{\"@id\":\"https:\/\/www.canlluc.com\/blog\/de\/sonnenfinsternis-ibiza-2026\/#primaryimage\"},\"datePublished\":\"2026-03-05T10:45:58+00:00\",\"dateModified\":\"2026-03-05T10:45:58+00:00\",\"author\":{\"@id\":\"https:\/\/www.canlluc.com\/blog\/de\/#\/schema\/person\/d1f0ed1fabfe2418dbb130903246f8f4\"},\"description\":\"Totale Sonnenfinsternis am 12. August 2026 auf Ibiza. Entdecken Sie einen besonderen Ort, um dieses seltene Himmelsereignis zu erleben.\",\"breadcrumb\":{\"@id\":\"https:\/\/www.canlluc.com\/blog\/de\/sonnenfinsternis-ibiza-2026\/#breadcrumb\"},\"inLanguage\":\"de-DE\",\"potentialAction\":[{\"@type\":\"ReadAction\",\"target\":[\"https:\/\/www.canlluc.com\/blog\/de\/sonnenfinsternis-ibiza-2026\/\"]}]},{\"@type\":\"BreadcrumbList\",\"@id\":\"https:\/\/www.canlluc.com\/blog\/de\/sonnenfinsternis-ibiza-2026\/#breadcrumb\",\"itemListElement\":[{\"@type\":\"ListItem\",\"position\":1,\"item\":{\"@type\":\"WebPage\",\"@id\":\"https:\/\/www.canlluc.com\/blog\/de\/\",\"url\":\"https:\/\/www.canlluc.com\/blog\/de\/\",\"name\":\"Home\"}},{\"@type\":\"ListItem\",\"position\":2,\"item\":{\"@type\":\"WebPage\",\"@id\":\"https:\/\/www.canlluc.com\/blog\/de\/sonnenfinsternis-ibiza-2026\/\",\"url\":\"https:\/\/www.canlluc.com\/blog\/de\/sonnenfinsternis-ibiza-2026\/\",\"name\":\"Sonnenfinsternis Ibiza 2026: Ein kosmisches Erlebnis zum Sonnenuntergang\"}}]},{\"@type\":\"Person\",\"@id\":\"https:\/\/www.canlluc.com\/blog\/de\/#\/schema\/person\/d1f0ed1fabfe2418dbb130903246f8f4\",\"name\":\"Can Lluc\",\"image\":{\"@type\":\"ImageObject\",\"@id\":\"https:\/\/www.canlluc.com\/blog\/de\/#personlogo\",\"inLanguage\":\"de-DE\",\"url\":\"https:\/\/secure.gravatar.com\/avatar\/6d6f4ca47e6f2202cafd25ec9fb69261?s=96&d=mm&r=g\",\"caption\":\"Can Lluc\"},\"sameAs\":[\"https:\/\/www.canlluc.com\"]}]}<\/script>\n<!-- \/ Yoast SEO plugin. -->","_links":{"self":[{"href":"https:\/\/www.canlluc.com\/blog\/de\/wp-json\/wp\/v2\/posts\/10075"}],"collection":[{"href":"https:\/\/www.canlluc.com\/blog\/de\/wp-json\/wp\/v2\/posts"}],"about":[{"href":"https:\/\/www.canlluc.com\/blog\/de\/wp-json\/wp\/v2\/types\/post"}],"author":[{"embeddable":true,"href":"https:\/\/www.canlluc.com\/blog\/de\/wp-json\/wp\/v2\/users\/2"}],"replies":[{"embeddable":true,"href":"https:\/\/www.canlluc.com\/blog\/de\/wp-json\/wp\/v2\/comments?post=10075"}],"version-history":[{"count":1,"href":"https:\/\/www.canlluc.com\/blog\/de\/wp-json\/wp\/v2\/posts\/10075\/revisions"}],"predecessor-version":[{"id":10076,"href":"https:\/\/www.canlluc.com\/blog\/de\/wp-json\/wp\/v2\/posts\/10075\/revisions\/10076"}],"wp:featuredmedia":[{"embeddable":true,"href":"https:\/\/www.canlluc.com\/blog\/de\/wp-json\/wp\/v2\/media\/10049"}],"wp:attachment":[{"href":"https:\/\/www.canlluc.com\/blog\/de\/wp-json\/wp\/v2\/media?parent=10075"}],"wp:term":[{"taxonomy":"category","embeddable":true,"href":"https:\/\/www.canlluc.com\/blog\/de\/wp-json\/wp\/v2\/categories?post=10075"},{"taxonomy":"post_tag","embeddable":true,"href":"https:\/\/www.canlluc.com\/blog\/de\/wp-json\/wp\/v2\/tags?post=10075"}],"curies":[{"name":"wp","href":"https:\/\/api.w.org\/{rel}","templated":true}]}}