{"id":10070,"date":"2026-03-05T11:36:30","date_gmt":"2026-03-05T10:36:30","guid":{"rendered":"https:\/\/www.canlluc.com\/blog\/?p=10070"},"modified":"2026-03-15T11:26:18","modified_gmt":"2026-03-15T10:26:18","slug":"ostern-ibiza-guide","status":"publish","type":"post","link":"https:\/\/www.canlluc.com\/blog\/de\/ostern-ibiza-guide\/","title":{"rendered":"Ostern auf Ibiza: Wetter, Aktivit\u00e4ten &#038; authentische Erlebnisse"},"content":{"rendered":"<p><span style=\"font-weight: 400;\">Ostern auf Ibiza zu erleben bedeutet, die Insel von ihrer authentischsten Seite kennenzulernen: religi\u00f6se Traditionen, bl\u00fchende Natur und eine ruhige Atmosph\u00e4re, die das Reiseerlebnis vollkommen ver\u00e4ndert.<\/span><\/p>\n<p><span style=\"font-weight: 400;\">Im <\/span><b>Can Lluc Boutique Country Hotel &amp; Villas<\/b><span style=\"font-weight: 400;\">, im l\u00e4ndlichen Herzen Ibizas gelegen, erlebt man den Fr\u00fchling in einem ganz anderen Rhythmus. Von hier aus erreichen Sie bequem die wichtigsten Osterprozessionen in Dalt Vila, entdecken <\/span><a href=\"https:\/\/www.canlluc.com\/blog\/pueblos-con-encanto-ibiza\/\">traditionelle wei\u00dfe D\u00f6rfer<\/a><span style=\"font-weight: 400;\">, die ihren urspr\u00fcnglichen Charakter bewahrt haben, und genie\u00dfen die beste saisonale lokale Gastronomie.<\/span><\/p>\n<p><span style=\"font-weight: 400;\">Wenn Sie Ihre Reise planen und wissen m\u00f6chten, <\/span><b>was man zu Ostern auf Ibiza unternehmen kann und wie das Wetter im Fr\u00fchling ist<\/b><span style=\"font-weight: 400;\">, hilft Ihnen dieser aktualisierte Guide bei der Planung.<\/span><\/p>\n<h2><span style=\"font-weight: 400;\">Was kann man zu Ostern auf Ibiza unternehmen?<\/span><\/h2>\n<p><span style=\"font-weight: 400;\">Wenn Sie sich fragen, was man zu Ostern auf Ibiza unternehmen kann, bietet die Insel kulturelle Erlebnisse, beeindruckende Natur und D\u00f6rfer, die ihren traditionellen Charakter bewahrt haben.<\/span><\/p>\n<p><span style=\"font-weight: 400;\">Ostern geh\u00f6rt zu den sch\u00f6nsten Zeiten des Jahres, um Ibiza von einer ruhigeren und authentischeren Seite zu entdecken. Abseits der sommerlichen Lebendigkeit bietet die Insel kulturelle Veranstaltungen, spektakul\u00e4re Natur und traditionelle Orte, die ihren urspr\u00fcnglichen Charme behalten haben. Es ist die perfekte Zeit, um ohne Eile durch die Landschaft zu spazieren, das l\u00e4ndliche Inselinnere zu erkunden und Ibiza aus einer lokalen Perspektive zu erleben.<\/span><\/p>\n<p><img decoding=\"async\" loading=\"lazy\" class=\"aligncenter size-full wp-image-10005\" src=\"https:\/\/www.canlluc.com\/blog\/wp-content\/uploads\/2026\/02\/Semana-Santa-Ibiza-procesiones.jpg\" alt=\"Osterprozessionen Ibiza Dalt Vila\" width=\"2048\" height=\"1365\" srcset=\"https:\/\/www.canlluc.com\/blog\/wp-content\/uploads\/2026\/02\/Semana-Santa-Ibiza-procesiones.jpg 2048w, https:\/\/www.canlluc.com\/blog\/wp-content\/uploads\/2026\/02\/Semana-Santa-Ibiza-procesiones-300x200.jpg 300w, https:\/\/www.canlluc.com\/blog\/wp-content\/uploads\/2026\/02\/Semana-Santa-Ibiza-procesiones-1024x683.jpg 1024w, https:\/\/www.canlluc.com\/blog\/wp-content\/uploads\/2026\/02\/Semana-Santa-Ibiza-procesiones-768x512.jpg 768w, https:\/\/www.canlluc.com\/blog\/wp-content\/uploads\/2026\/02\/Semana-Santa-Ibiza-procesiones-1536x1024.jpg 1536w\" sizes=\"(max-width: 2048px) 100vw, 2048px\" \/><\/p>\n<h2><span style=\"font-weight: 400;\">Osterprozessionen auf Ibiza<\/span><\/h2>\n<p><span style=\"font-weight: 400;\">Die Insel bewahrt tief verwurzelte religi\u00f6se Traditionen. Besonders in Vila (Eivissa) haben die Osterfeierlichkeiten eine gro\u00dfe Bedeutung und werden von vielen Einheimischen begleitet.<\/span><\/p>\n<h3><span style=\"font-weight: 400;\">Vila (Eivissa \/ Dalt Vila) \u2013 Die bekanntesten Prozessionen<\/span><\/h3>\n<ul>\n<li style=\"font-weight: 400;\" aria-level=\"1\">\n<h4><span style=\"font-weight: 400;\">Viernes de Dolores (Dalt Vila)<\/span><\/h4>\n<\/li>\n<\/ul>\n<p><span style=\"font-weight: 400;\">Der Freitag der Schmerzen markiert einen der emotionalsten Momente der Osterzeit in Vila. Im historischen Zentrum von Dalt Vila ver\u00e4ndert sich die Atmosph\u00e4re vollst\u00e4ndig: gepflasterte Gassen, Stille, ged\u00e4mpftes Licht und eine besondere Andacht pr\u00e4gen das Bild. Einer der bewegendsten Momente ist das Zusammentreffen der Figuren der Dolorosa und des Christusbildes, begleitet von traditionellen Ges\u00e4ngen wie dem Miserere. Die monumentale Kulisse der Altstadt verleiht dieser Feier eine ganz besondere Stimmung.<\/span><\/p>\n<ul>\n<li style=\"font-weight: 400;\" aria-level=\"1\">\n<h4><span style=\"font-weight: 400;\">Kreuzweg am Karfreitag (Vormittag)<\/span><\/h4>\n<\/li>\n<\/ul>\n<p><span style=\"font-weight: 400;\">Der Kreuzweg am Karfreitag findet fr\u00fch am Morgen statt und geh\u00f6rt zu den symboltr\u00e4chtigsten Momenten der Woche. Der Aufstieg zur Kathedrale \u2013 beginnend im Bereich der Kirche Santa Cruz \u2013 macht diese Prozession zu einer intensiven Erfahrung. Die steilen Gassen von Dalt Vila verst\u00e4rken den spirituellen Charakter des Ereignisses.<\/span><\/p>\n<ul>\n<li style=\"font-weight: 400;\" aria-level=\"1\">\n<h4><span style=\"font-weight: 400;\">Prozession des Heiligen Begr\u00e4bnisses (Karfreitag, Dalt Vila)<\/span><\/h4>\n<\/li>\n<\/ul>\n<p><span style=\"font-weight: 400;\">Die Prozession des Heiligen Begr\u00e4bnisses ist der wichtigste Prozessionsmoment in Vila und wahrscheinlich der eindrucksvollste f\u00fcr Besucher. Verschiedene Bruderschaften nehmen daran teil, und der Weg durch die historische Altstadt mit ihren Mauern, Toren und engen Gassen schafft eine beeindruckende Atmosph\u00e4re.<\/span><\/p>\n<ul>\n<li style=\"font-weight: 400;\" aria-level=\"1\">\n<h4><span style=\"font-weight: 400;\">Prozession der Begegnung (Ostersonntag)<\/span><\/h4>\n<\/li>\n<\/ul>\n<p><span style=\"font-weight: 400;\">Die Prozession der Begegnung am Ostersonntagmorgen markiert den \u00dcbergang von der stillen Atmosph\u00e4re des Karfreitags zur freudigen Feier der Auferstehung.<\/span><\/p>\n<h3><span style=\"font-weight: 400;\">Santa Eul\u00e0ria<\/span><\/h3>\n<ul>\n<li style=\"font-weight: 400;\" aria-level=\"1\">\n<h4><span style=\"font-weight: 400;\">Heiliges Begr\u00e4bnis (Karfreitag)<\/span><\/h4>\n<\/li>\n<\/ul>\n<p><span style=\"font-weight: 400;\">In Santa Eul\u00e0ria ist die Prozession des Heiligen Begr\u00e4bnisses das wichtigste Ereignis am Karfreitag und wird in einer besonders famili\u00e4ren Atmosph\u00e4re gefeiert. Rund um den Puig de Missa erleben Besucher eine Ostertradition mit starkem lokalem Charakter.<\/span><\/p>\n<p><span style=\"font-weight: 400;\">W\u00e4hrend der Woche finden au\u00dferdem weitere religi\u00f6se Feierlichkeiten statt, darunter Palmsonntag, die Gebetsfeier im Garten Getsemani sowie verschiedene Gottesdienste in den Kirchen der Insel.<\/span><\/p>\n<div id='gallery-1' class='gallery galleryid-10070 gallery-columns-3 gallery-size-carrousel_imagenes'><figure class='gallery-item'>\n\t\t\t<div class='gallery-icon landscape'>\n\t\t\t\t<a href='https:\/\/www.canlluc.com\/blog\/wp-content\/uploads\/2026\/02\/Semana-Santa-Ibiza-procesiones-2.jpg'><img width=\"880\" height=\"365\" src=\"https:\/\/www.canlluc.com\/blog\/wp-content\/uploads\/2026\/02\/Semana-Santa-Ibiza-procesiones-2-880x365.jpg\" class=\"attachment-carrousel_imagenes size-carrousel_imagenes\" alt=\"Semana Santa en Ibiza\" decoding=\"async\" loading=\"lazy\" \/><\/a>\n\t\t\t<\/div><\/figure><figure class='gallery-item'>\n\t\t\t<div class='gallery-icon landscape'>\n\t\t\t\t<a href='https:\/\/www.canlluc.com\/blog\/wp-content\/uploads\/2026\/02\/Semana-Santa-Ibiza-procesiones-en-Ibiza.jpg'><img width=\"880\" height=\"365\" src=\"https:\/\/www.canlluc.com\/blog\/wp-content\/uploads\/2026\/02\/Semana-Santa-Ibiza-procesiones-en-Ibiza-880x365.jpg\" class=\"attachment-carrousel_imagenes size-carrousel_imagenes\" alt=\"Procesiones en Dalt Vila\" decoding=\"async\" loading=\"lazy\" \/><\/a>\n\t\t\t<\/div><\/figure><figure class='gallery-item'>\n\t\t\t<div class='gallery-icon landscape'>\n\t\t\t\t<a href='https:\/\/www.canlluc.com\/blog\/wp-content\/uploads\/2026\/02\/Semana-Santa-Ibiza.jpg'><img width=\"880\" height=\"365\" src=\"https:\/\/www.canlluc.com\/blog\/wp-content\/uploads\/2026\/02\/Semana-Santa-Ibiza-880x365.jpg\" class=\"attachment-carrousel_imagenes size-carrousel_imagenes\" alt=\"Santo Entierro\" decoding=\"async\" loading=\"lazy\" \/><\/a>\n\t\t\t<\/div><\/figure><figure class='gallery-item'>\n\t\t\t<div class='gallery-icon landscape'>\n\t\t\t\t<a href='https:\/\/www.canlluc.com\/blog\/wp-content\/uploads\/2026\/02\/Vive-la-Semana-Santa-Ibiza.jpg'><img width=\"880\" height=\"365\" src=\"https:\/\/www.canlluc.com\/blog\/wp-content\/uploads\/2026\/02\/Vive-la-Semana-Santa-Ibiza-880x365.jpg\" class=\"attachment-carrousel_imagenes size-carrousel_imagenes\" alt=\"Cofrad\u00edas Ibiza\" decoding=\"async\" loading=\"lazy\" \/><\/a>\n\t\t\t<\/div><\/figure><figure class='gallery-item'>\n\t\t\t<div class='gallery-icon landscape'>\n\t\t\t\t<a href='https:\/\/www.canlluc.com\/blog\/wp-content\/uploads\/2026\/02\/Semana-Santa-Ibiza-procesiones.jpg'><img width=\"880\" height=\"365\" src=\"https:\/\/www.canlluc.com\/blog\/wp-content\/uploads\/2026\/02\/Semana-Santa-Ibiza-procesiones-880x365.jpg\" class=\"attachment-carrousel_imagenes size-carrousel_imagenes\" alt=\"Procesiones semana santa Ibiza\" decoding=\"async\" loading=\"lazy\" \/><\/a>\n\t\t\t<\/div><\/figure><figure class='gallery-item'>\n\t\t\t<div class='gallery-icon landscape'>\n\t\t\t\t<a href='https:\/\/www.canlluc.com\/blog\/wp-content\/uploads\/2024\/02\/VM180330-2503-scaled.jpg'><img width=\"880\" height=\"365\" src=\"https:\/\/www.canlluc.com\/blog\/wp-content\/uploads\/2024\/02\/VM180330-2503-880x365.jpg\" class=\"attachment-carrousel_imagenes size-carrousel_imagenes\" alt=\"Ibiza semana santa\" decoding=\"async\" loading=\"lazy\" \/><\/a>\n\t\t\t<\/div><\/figure>\n\t\t<\/div>\n\n<div style=\"width: 100%; box-sizing: border-box; margin: 18px 0; padding: 14px 16px; border-left: 4px solid #8a6b3f; background: #fbf8f2; border-radius: 10px; display: flex; gap: 12px; align-items: flex-start;\">\n<p style=\"margin: 0; font-size: clamp(14px, 1.8vw, 16px); line-height: 1.5; color: #3a2f22;\"><strong>Hinweis:<\/strong> Die Zeiten der Prozessionen k\u00f6nnen jedes Jahr variieren. Wir empfehlen daher, vor Ihrer Reise das offizielle Osterprogramm von Ibiza zu pr\u00fcfen.<\/p>\n<\/div>\n<h2><span style=\"font-weight: 400;\">Natur und Fr\u00fchlingsrouten auf Ibiza<\/span><\/h2>\n<p><span style=\"font-weight: 400;\">Eine Reise nach Ibiza im Fr\u00fchling erm\u00f6glicht es, die Insel bei milden Temperaturen und in einem ruhigeren Rhythmus als im Sommer zu erleben \u2013 eine der besten Zeiten des Jahres, um die Natur zu entdecken.<\/span><\/p>\n<p><span style=\"font-weight: 400;\">Im Fr\u00fchling verwandelt sich Ibiza in eine Landschaft voller Kontraste. Die Felder im Inselinneren beginnen zu bl\u00fchen, Mandelb\u00e4ume zeigen noch ihre Farben und die mediterrane Vegetation erreicht ihre intensivste Phase. Diese angenehmen Temperaturen machen die Jahreszeit ideal f\u00fcr Wanderungen entlang der Nordk\u00fcste, Spazierg\u00e4nge auf l\u00e4ndlichen Wegen zwischen Trockensteinmauern oder Ausfl\u00fcge zu Aussichtspunkten rund um Es Vedr\u00e0.<\/span><\/p>\n<p><span style=\"font-weight: 400;\">Auch Radtouren, Kajakausfl\u00fcge oder entspannte Spazierg\u00e4nge sind jetzt besonders angenehm. Ostern auf Ibiza l\u00e4dt dazu ein, sich Zeit zu nehmen und die Natur der Insel bewusst zu erleben.<\/span><\/p>\n<p><span style=\"font-weight: 400;\">Vom Can Lluc aus k\u00f6nnen viele dieser Aktivit\u00e4ten \u00fcber unsere G\u00e4ste-Erlebnisse organisiert werden \u2013 darunter Wanderungen, kulturelle Besichtigungen, gef\u00fchrte Touren durch das Inselinnere und weitere authentische Erlebnisse.<\/span><\/p>\n<p><a href=\"https:\/\/www.canlluc.com\/de\/erlebnisse\"><img decoding=\"async\" loading=\"lazy\" class=\"aligncenter wp-image-10082 size-full\" src=\"https:\/\/www.canlluc.com\/blog\/wp-content\/uploads\/2026\/03\/Ostern-auf-Ibiza-im-Landhotel-mit-Pool-\u2013-Can-Lluc-scaled.jpg\" alt=\"Poolbereich des Landhotels Can Lluc auf Ibiza w\u00e4hrend der Osterferien\" width=\"2560\" height=\"1280\" srcset=\"https:\/\/www.canlluc.com\/blog\/wp-content\/uploads\/2026\/03\/Ostern-auf-Ibiza-im-Landhotel-mit-Pool-\u2013-Can-Lluc-scaled.jpg 2560w, https:\/\/www.canlluc.com\/blog\/wp-content\/uploads\/2026\/03\/Ostern-auf-Ibiza-im-Landhotel-mit-Pool-\u2013-Can-Lluc-300x150.jpg 300w, https:\/\/www.canlluc.com\/blog\/wp-content\/uploads\/2026\/03\/Ostern-auf-Ibiza-im-Landhotel-mit-Pool-\u2013-Can-Lluc-1024x512.jpg 1024w, https:\/\/www.canlluc.com\/blog\/wp-content\/uploads\/2026\/03\/Ostern-auf-Ibiza-im-Landhotel-mit-Pool-\u2013-Can-Lluc-768x384.jpg 768w, https:\/\/www.canlluc.com\/blog\/wp-content\/uploads\/2026\/03\/Ostern-auf-Ibiza-im-Landhotel-mit-Pool-\u2013-Can-Lluc-1536x768.jpg 1536w, https:\/\/www.canlluc.com\/blog\/wp-content\/uploads\/2026\/03\/Ostern-auf-Ibiza-im-Landhotel-mit-Pool-\u2013-Can-Lluc-2048x1024.jpg 2048w\" sizes=\"(max-width: 2560px) 100vw, 2560px\" \/><\/a><\/p>\n<h3><span style=\"font-weight: 400;\">Str\u00e4nde und Buchten in ihrer ruhigsten Form<\/span><\/h3>\n<p><span style=\"font-weight: 400;\">Einer der gr\u00f6\u00dften Vorteile eines Ibiza-Urlaubs zu Ostern ist es, die Str\u00e4nde in einer entspannten und ruhigen Atmosph\u00e4re zu genie\u00dfen. Cala d\u2019Hort, Cala Salada oder Cala Comte zeigen sich zu dieser Jahreszeit von ihrer sch\u00f6nsten Seite.<\/span><\/p>\n<p><span style=\"font-weight: 400;\">Auch wenn das Meer noch etwas k\u00fchl zum Baden sein kann, eignen sich die Str\u00e4nde perfekt f\u00fcr Spazierg\u00e4nge entlang der K\u00fcste, um Sonnenunterg\u00e4nge zu beobachten und die Ruhe des Meeres zu genie\u00dfen.<\/span><\/p>\n<h2><span style=\"font-weight: 400;\">Typische Oster-Gastronomie auf Ibiza<\/span><\/h2>\n<p><span style=\"font-weight: 400;\">Ostern markiert auch den Beginn der gastronomischen Saison auf Ibiza. Viele Restaurants \u00f6ffnen in dieser Zeit wieder ihre T\u00fcren und pr\u00e4sentieren neue Men\u00fcs, Terrassen und kreative Interpretationen der traditionellen K\u00fcche.<\/span><\/p>\n<p><img decoding=\"async\" loading=\"lazy\" class=\"aligncenter size-full wp-image-7159\" src=\"https:\/\/www.canlluc.com\/blog\/wp-content\/uploads\/2024\/07\/20150423_162355-1536x864-1.jpg\" alt=\"Ibiza traditionelles Gericht Bullit de Peix\" width=\"1536\" height=\"864\" srcset=\"https:\/\/www.canlluc.com\/blog\/wp-content\/uploads\/2024\/07\/20150423_162355-1536x864-1.jpg 1536w, https:\/\/www.canlluc.com\/blog\/wp-content\/uploads\/2024\/07\/20150423_162355-1536x864-1-300x169.jpg 300w, https:\/\/www.canlluc.com\/blog\/wp-content\/uploads\/2024\/07\/20150423_162355-1536x864-1-1024x576.jpg 1024w, https:\/\/www.canlluc.com\/blog\/wp-content\/uploads\/2024\/07\/20150423_162355-1536x864-1-768x432.jpg 768w\" sizes=\"(max-width: 1536px) 100vw, 1536px\" \/><\/p>\n<h3><span style=\"font-weight: 400;\">Cuinat<\/span><\/h3>\n<p><span style=\"font-weight: 400;\">Ein traditioneller Eintopf aus saisonalem Gem\u00fcse, H\u00fclsenfr\u00fcchten und aromatischen Kr\u00e4utern \u2013 eines der typischsten Ostergerichte der Insel.<\/span><\/p>\n<h3><span style=\"font-weight: 400;\">Bullit de Peix mit Arroz a Banda<\/span><\/h3>\n<p><span style=\"font-weight: 400;\">Eines der bekanntesten Gerichte Ibizas: gekochter Felsenfisch mit Kartoffeln und Aioli, gefolgt von Reis, der im Fischsud zubereitet wird.<\/span><\/p>\n<h3><span style=\"font-weight: 400;\">Fla\u00f3<\/span><\/h3>\n<p><span style=\"font-weight: 400;\">Das traditionelle Osterdessert der Insel \u2013 ein K\u00e4sekuchen mit frischer Minze.<\/span><\/p>\n<p><span style=\"font-weight: 400;\">Im <\/span><a href=\"https:\/\/www.canlluc.com\/gastronomia\"><span style=\"font-weight: 400;\">Restaurant des Can Lluc<\/span><\/a><span style=\"font-weight: 400;\"> k\u00f6nnen G\u00e4ste eine moderne Interpretation der ibizenkischen K\u00fcche genie\u00dfen, zubereitet mit saisonalen Produkten und Zutaten aus der Region.<\/span><\/p>\n<h2><span style=\"font-weight: 400;\">Wie ist das Wetter auf Ibiza zu Ostern?<\/span><\/h2>\n<p><span style=\"font-weight: 400;\">Das Wetter auf Ibiza zu Ostern ist in der Regel mild und angenehm und eignet sich hervorragend f\u00fcr Aktivit\u00e4ten im Freien.<\/span><\/p>\n<ul>\n<li style=\"font-weight: 400;\">Temperaturen: durchschnittlich zwischen 15\u00b0C und 20\u00b0C.<\/li>\n<li style=\"font-weight: 400;\">Niederschlag: meist moderat.<\/li>\n<li style=\"font-weight: 400;\">Sonnenstunden: etwa 8\u201310 Stunden pro Tag.<\/li>\n<li style=\"font-weight: 400;\">Meer: etwa 16\u201318\u00b0C.<\/li>\n<li style=\"font-weight: 400;\">Wind: meist moderat.<\/li>\n<\/ul>\n<h2><span style=\"font-weight: 400;\">Ostern auf Ibiza erleben<\/span><\/h2>\n<p><span style=\"font-weight: 400;\">Im Can Lluc haben wir ein besonderes Angebot geschaffen, um Ibiza ganz entspannt zu entdecken.<\/span><\/p>\n<p><b>\u00dcbernachten Sie in einer Suite oder Villa zu Ostern und entdecken Sie Ibiza in Ihrem eigenen Tempo \u2013 inklusive Mietwagen.<\/b><\/p>\n<p><a href=\"https:\/\/bookings.canlluc.com\/de\/step-1?\"><img decoding=\"async\" loading=\"lazy\" class=\"aligncenter wp-image-10079 size-full\" src=\"https:\/\/www.canlluc.com\/blog\/wp-content\/uploads\/2026\/03\/Luxusurlaub-auf-Ibiza-u\u0308ber-Ostern-im-ruhigen-Hinterland-scaled.jpg\" alt=\"Landhotel Can Lluc auf Ibiza mit Pool inmitten der Natur, ideal f\u00fcr eine Auszeit zu Ostern\" width=\"2560\" height=\"1280\" srcset=\"https:\/\/www.canlluc.com\/blog\/wp-content\/uploads\/2026\/03\/Luxusurlaub-auf-Ibiza-u\u0308ber-Ostern-im-ruhigen-Hinterland-scaled.jpg 2560w, https:\/\/www.canlluc.com\/blog\/wp-content\/uploads\/2026\/03\/Luxusurlaub-auf-Ibiza-u\u0308ber-Ostern-im-ruhigen-Hinterland-300x150.jpg 300w, https:\/\/www.canlluc.com\/blog\/wp-content\/uploads\/2026\/03\/Luxusurlaub-auf-Ibiza-u\u0308ber-Ostern-im-ruhigen-Hinterland-1024x512.jpg 1024w, https:\/\/www.canlluc.com\/blog\/wp-content\/uploads\/2026\/03\/Luxusurlaub-auf-Ibiza-u\u0308ber-Ostern-im-ruhigen-Hinterland-768x384.jpg 768w, https:\/\/www.canlluc.com\/blog\/wp-content\/uploads\/2026\/03\/Luxusurlaub-auf-Ibiza-u\u0308ber-Ostern-im-ruhigen-Hinterland-1536x768.jpg 1536w, https:\/\/www.canlluc.com\/blog\/wp-content\/uploads\/2026\/03\/Luxusurlaub-auf-Ibiza-u\u0308ber-Ostern-im-ruhigen-Hinterland-2048x1024.jpg 2048w\" sizes=\"(max-width: 2560px) 100vw, 2560px\" \/><\/a><\/p>\n<p><span style=\"font-weight: 400;\">Unsere Lage im l\u00e4ndlichen Herzen Ibizas erm\u00f6glicht es, jeden Punkt der Insel in weniger als 30 Minuten zu erreichen \u2013 von den Prozessionen in Dalt Vila bis zu ruhigen Buchten oder den D\u00f6rfern im Norden.<\/span><\/p>\n<p><span style=\"font-weight: 400;\">Can Lluc Boutique Country Hotel &amp; Villas ist ein familiengef\u00fchrtes Eco-Resort, eingebettet in die mediterrane Landschaft.<\/span><\/p>\n","protected":false},"excerpt":{"rendered":"<p>Ostern auf Ibiza zu erleben bedeutet, die Insel von ihrer authentischsten Seite kennenzulernen: religi\u00f6se Traditionen, bl\u00fchende Natur und eine ruhige Atmosph\u00e4re, die das Reiseerlebnis vollkommen ver\u00e4ndert. Im Can Lluc Boutique Country Hotel &amp; Villas, im l\u00e4ndlichen Herzen Ibizas gelegen, erlebt man den Fr\u00fchling in einem ganz anderen Rhythmus. Von hier aus erreichen Sie bequem die &#8230; <a title=\"Ostern auf Ibiza: Wetter, Aktivit\u00e4ten &#038; authentische Erlebnisse\" class=\"read-more\" href=\"https:\/\/www.canlluc.com\/blog\/de\/ostern-ibiza-guide\/\" aria-label=\"Mehr bei Ostern auf Ibiza: Wetter, Aktivit\u00e4ten &#038; authentische Erlebnisse\">Weiterlesen &#8230;<\/a><\/p>\n","protected":false},"author":2,"featured_media":10007,"comment_status":"open","ping_status":"open","sticky":false,"template":"","format":"standard","meta":[],"categories":[662],"tags":[],"yoast_head":"<!-- This site is optimized with the Yoast SEO plugin v15.2.1 - https:\/\/yoast.com\/wordpress\/plugins\/seo\/ -->\n<title>Ostern auf Ibiza: Wetter, Aktivit\u00e4ten &amp; Reisetipps | Can Lluc<\/title>\n<meta name=\"description\" content=\"Ostern auf Ibiza erleben: Traditionen, Natur, Str\u00e4nde und Gastronomie. Entdecken Sie die Insel im Fr\u00fchling und planen Sie Ihre perfekte Reise.\" \/>\n<meta name=\"robots\" content=\"index, follow, max-snippet:-1, max-image-preview:large, max-video-preview:-1\" \/>\n<link rel=\"canonical\" href=\"https:\/\/www.canlluc.com\/blog\/de\/ostern-ibiza-guide\/\" \/>\n<meta property=\"og:locale\" content=\"de_DE\" \/>\n<meta property=\"og:type\" content=\"article\" \/>\n<meta property=\"og:title\" content=\"Ostern auf Ibiza: Wetter, Aktivit\u00e4ten &amp; Reisetipps | Can Lluc\" \/>\n<meta property=\"og:description\" content=\"Ostern auf Ibiza erleben: Traditionen, Natur, Str\u00e4nde und Gastronomie. Entdecken Sie die Insel im Fr\u00fchling und planen Sie Ihre perfekte Reise.\" \/>\n<meta property=\"og:url\" content=\"https:\/\/www.canlluc.com\/blog\/de\/ostern-ibiza-guide\/\" \/>\n<meta property=\"og:site_name\" content=\"Can Lluc | Blog\" \/>\n<meta property=\"article:published_time\" content=\"2026-03-05T10:36:30+00:00\" \/>\n<meta property=\"article:modified_time\" content=\"2026-03-15T10:26:18+00:00\" \/>\n<meta property=\"og:image\" content=\"https:\/\/www.canlluc.com\/blog\/wp-content\/uploads\/2026\/02\/Semana-Santa-Ibiza-procesiones.jpg\" \/>\n\t<meta property=\"og:image:width\" content=\"2048\" \/>\n\t<meta property=\"og:image:height\" content=\"1365\" \/>\n<meta name=\"twitter:card\" content=\"summary\" \/>\n<meta name=\"twitter:label1\" content=\"Written by\">\n\t<meta name=\"twitter:data1\" content=\"Can Lluc\">\n\t<meta name=\"twitter:label2\" content=\"Est. reading time\">\n\t<meta name=\"twitter:data2\" content=\"4 Minuten\">\n<script type=\"application\/ld+json\" class=\"yoast-schema-graph\">{\"@context\":\"https:\/\/schema.org\",\"@graph\":[{\"@type\":\"WebSite\",\"@id\":\"https:\/\/www.canlluc.com\/blog\/de\/#website\",\"url\":\"https:\/\/www.canlluc.com\/blog\/de\/\",\"name\":\"Can Lluc | Blog\",\"description\":\"Otro sitio realizado con WordPress\",\"potentialAction\":[{\"@type\":\"SearchAction\",\"target\":\"https:\/\/www.canlluc.com\/blog\/de\/?s={search_term_string}\",\"query-input\":\"required name=search_term_string\"}],\"inLanguage\":\"de-DE\"},{\"@type\":\"ImageObject\",\"@id\":\"https:\/\/www.canlluc.com\/blog\/de\/ostern-ibiza-guide\/#primaryimage\",\"inLanguage\":\"de-DE\",\"url\":\"https:\/\/www.canlluc.com\/blog\/wp-content\/uploads\/2026\/02\/Semana-Santa-Ibiza-procesiones.jpg\",\"width\":2048,\"height\":1365,\"caption\":\"Procesiones semana santa Ibiza\"},{\"@type\":\"WebPage\",\"@id\":\"https:\/\/www.canlluc.com\/blog\/de\/ostern-ibiza-guide\/#webpage\",\"url\":\"https:\/\/www.canlluc.com\/blog\/de\/ostern-ibiza-guide\/\",\"name\":\"Ostern auf Ibiza: Wetter, Aktivit\\u00e4ten & Reisetipps | Can Lluc\",\"isPartOf\":{\"@id\":\"https:\/\/www.canlluc.com\/blog\/de\/#website\"},\"primaryImageOfPage\":{\"@id\":\"https:\/\/www.canlluc.com\/blog\/de\/ostern-ibiza-guide\/#primaryimage\"},\"datePublished\":\"2026-03-05T10:36:30+00:00\",\"dateModified\":\"2026-03-15T10:26:18+00:00\",\"author\":{\"@id\":\"https:\/\/www.canlluc.com\/blog\/de\/#\/schema\/person\/d1f0ed1fabfe2418dbb130903246f8f4\"},\"description\":\"Ostern auf Ibiza erleben: Traditionen, Natur, Str\\u00e4nde und Gastronomie. Entdecken Sie die Insel im Fr\\u00fchling und planen Sie Ihre perfekte Reise.\",\"breadcrumb\":{\"@id\":\"https:\/\/www.canlluc.com\/blog\/de\/ostern-ibiza-guide\/#breadcrumb\"},\"inLanguage\":\"de-DE\",\"potentialAction\":[{\"@type\":\"ReadAction\",\"target\":[\"https:\/\/www.canlluc.com\/blog\/de\/ostern-ibiza-guide\/\"]}]},{\"@type\":\"BreadcrumbList\",\"@id\":\"https:\/\/www.canlluc.com\/blog\/de\/ostern-ibiza-guide\/#breadcrumb\",\"itemListElement\":[{\"@type\":\"ListItem\",\"position\":1,\"item\":{\"@type\":\"WebPage\",\"@id\":\"https:\/\/www.canlluc.com\/blog\/de\/\",\"url\":\"https:\/\/www.canlluc.com\/blog\/de\/\",\"name\":\"Home\"}},{\"@type\":\"ListItem\",\"position\":2,\"item\":{\"@type\":\"WebPage\",\"@id\":\"https:\/\/www.canlluc.com\/blog\/de\/ostern-ibiza-guide\/\",\"url\":\"https:\/\/www.canlluc.com\/blog\/de\/ostern-ibiza-guide\/\",\"name\":\"Ostern auf Ibiza: Wetter, Aktivit\\u00e4ten &#038; authentische Erlebnisse\"}}]},{\"@type\":\"Person\",\"@id\":\"https:\/\/www.canlluc.com\/blog\/de\/#\/schema\/person\/d1f0ed1fabfe2418dbb130903246f8f4\",\"name\":\"Can Lluc\",\"image\":{\"@type\":\"ImageObject\",\"@id\":\"https:\/\/www.canlluc.com\/blog\/de\/#personlogo\",\"inLanguage\":\"de-DE\",\"url\":\"https:\/\/secure.gravatar.com\/avatar\/6d6f4ca47e6f2202cafd25ec9fb69261?s=96&d=mm&r=g\",\"caption\":\"Can Lluc\"},\"sameAs\":[\"https:\/\/www.canlluc.com\"]}]}<\/script>\n<!-- \/ Yoast SEO plugin. -->","_links":{"self":[{"href":"https:\/\/www.canlluc.com\/blog\/de\/wp-json\/wp\/v2\/posts\/10070"}],"collection":[{"href":"https:\/\/www.canlluc.com\/blog\/de\/wp-json\/wp\/v2\/posts"}],"about":[{"href":"https:\/\/www.canlluc.com\/blog\/de\/wp-json\/wp\/v2\/types\/post"}],"author":[{"embeddable":true,"href":"https:\/\/www.canlluc.com\/blog\/de\/wp-json\/wp\/v2\/users\/2"}],"replies":[{"embeddable":true,"href":"https:\/\/www.canlluc.com\/blog\/de\/wp-json\/wp\/v2\/comments?post=10070"}],"version-history":[{"count":3,"href":"https:\/\/www.canlluc.com\/blog\/de\/wp-json\/wp\/v2\/posts\/10070\/revisions"}],"predecessor-version":[{"id":10086,"href":"https:\/\/www.canlluc.com\/blog\/de\/wp-json\/wp\/v2\/posts\/10070\/revisions\/10086"}],"wp:featuredmedia":[{"embeddable":true,"href":"https:\/\/www.canlluc.com\/blog\/de\/wp-json\/wp\/v2\/media\/10007"}],"wp:attachment":[{"href":"https:\/\/www.canlluc.com\/blog\/de\/wp-json\/wp\/v2\/media?parent=10070"}],"wp:term":[{"taxonomy":"category","embeddable":true,"href":"https:\/\/www.canlluc.com\/blog\/de\/wp-json\/wp\/v2\/categories?post=10070"},{"taxonomy":"post_tag","embeddable":true,"href":"https:\/\/www.canlluc.com\/blog\/de\/wp-json\/wp\/v2\/tags?post=10070"}],"curies":[{"name":"wp","href":"https:\/\/api.w.org\/{rel}","templated":true}]}}